{"id":11974,"date":"2023-04-04T13:15:58","date_gmt":"2023-04-04T11:15:58","guid":{"rendered":"https:\/\/www.adapei64.fr\/site\/?p=11974"},"modified":"2024-05-29T11:28:38","modified_gmt":"2024-05-29T09:28:38","slug":"lecole-primaire-de-bizanos-se-met-au-bleu-pour-la-journee-de-lautisme","status":"publish","type":"post","link":"http:\/\/www.adapei64.fr\/site\/lecole-primaire-de-bizanos-se-met-au-bleu-pour-la-journee-de-lautisme\/","title":{"rendered":"L\u2019\u00e9cole primaire de Bizanos se met au bleu pour la Journ\u00e9e de l\u2019Autisme"},"content":{"rendered":"\n<p class=\"wp-block-paragraph\">L\u2019\u00e9cole primaire de Bizanos, qui accueille l\u2019UEEA (Unit\u00e9 d\u2019Enseignement El\u00e9mentaire Autisme), \u00e9tait tout de bleu v\u00eatue ce lundi 3 avril.<br>Pour la journ\u00e9e de l\u2019autisme, les \u00e9l\u00e8ves de l\u2019\u00e9cole ont pu participer \u00e0 des ateliers de 15 minutes. L\u2019objectif : toucher du doigt les ressentis, le v\u00e9cu, les difficult\u00e9s des enfants porteurs d\u2019autisme.<br>Faire une dict\u00e9e dans le bruit et avec des lunettes sp\u00e9ciales, &nbsp;demander un go\u00fbter sans parler, avec des pictogrammes, utiliser son odorat pour reconnaitre des choses, manipuler un casse-t\u00eate en \u00e9quilibre tout en \u00e9coutant une devinette, \u00e9change avec une personne porteuse d&#8217;autisme\u2026 des situations qui ont permis aux enfants 6 \u00e0 11 ans de comprendre un peu mieux le quotidien de leurs copains de l\u2019UEEA.<\/p>\n\n\n\n<figure class=\"wp-block-gallery has-nested-images columns-3 is-cropped wp-block-gallery-2 is-layout-flex wp-block-gallery-is-layout-flex\">\n<figure class=\"wp-block-image size-large\"><a href=\"https:\/\/www.adapei64.fr\/site\/wp-content\/uploads\/2023\/05\/IMG_1196-BD.jpg\"><img loading=\"lazy\" decoding=\"async\" width=\"1500\" height=\"1125\" data-id=\"11977\" src=\"https:\/\/www.adapei64.fr\/site\/wp-content\/uploads\/2023\/05\/IMG_1196-BD.jpg\" alt=\"Les enfants goutent en silence.\" class=\"wp-image-11977\" srcset=\"http:\/\/www.adapei64.fr\/site\/wp-content\/uploads\/2023\/05\/IMG_1196-BD.jpg 1500w, http:\/\/www.adapei64.fr\/site\/wp-content\/uploads\/2023\/05\/IMG_1196-BD-1000x750.jpg 1000w, http:\/\/www.adapei64.fr\/site\/wp-content\/uploads\/2023\/05\/IMG_1196-BD-768x576.jpg 768w\" sizes=\"auto, (max-width: 1500px) 100vw, 1500px\" \/><\/a><\/figure>\n\n\n\n<figure class=\"wp-block-image size-large\"><a href=\"https:\/\/www.adapei64.fr\/site\/wp-content\/uploads\/2023\/05\/IMG_1187-BD.jpg\"><img loading=\"lazy\" decoding=\"async\" width=\"1500\" height=\"1125\" data-id=\"11976\" src=\"https:\/\/www.adapei64.fr\/site\/wp-content\/uploads\/2023\/05\/IMG_1187-BD.jpg\" alt=\"Un enfant demande du gouter \u00e0 l'aide de pictogrammes.\" class=\"wp-image-11976\" srcset=\"http:\/\/www.adapei64.fr\/site\/wp-content\/uploads\/2023\/05\/IMG_1187-BD.jpg 1500w, http:\/\/www.adapei64.fr\/site\/wp-content\/uploads\/2023\/05\/IMG_1187-BD-1000x750.jpg 1000w, http:\/\/www.adapei64.fr\/site\/wp-content\/uploads\/2023\/05\/IMG_1187-BD-768x576.jpg 768w\" sizes=\"auto, (max-width: 1500px) 100vw, 1500px\" \/><\/a><\/figure>\n\n\n\n<figure class=\"wp-block-image size-large\"><a href=\"https:\/\/www.adapei64.fr\/site\/wp-content\/uploads\/2023\/05\/IMG_1179-BD.jpg\"><img loading=\"lazy\" decoding=\"async\" width=\"1500\" height=\"1125\" data-id=\"11975\" src=\"https:\/\/www.adapei64.fr\/site\/wp-content\/uploads\/2023\/05\/IMG_1179-BD.jpg\" alt=\"Un enfant \u00e9crit &quot;Lundi 3 avril, set la journ\u00e9 de l'otisme&quot;.\" class=\"wp-image-11975\" srcset=\"http:\/\/www.adapei64.fr\/site\/wp-content\/uploads\/2023\/05\/IMG_1179-BD.jpg 1500w, http:\/\/www.adapei64.fr\/site\/wp-content\/uploads\/2023\/05\/IMG_1179-BD-1000x750.jpg 1000w, http:\/\/www.adapei64.fr\/site\/wp-content\/uploads\/2023\/05\/IMG_1179-BD-768x576.jpg 768w\" sizes=\"auto, (max-width: 1500px) 100vw, 1500px\" \/><\/a><\/figure>\n\n\n\n<figure class=\"wp-block-image size-large\"><a href=\"https:\/\/www.adapei64.fr\/site\/wp-content\/uploads\/2023\/05\/IMG_1201-BD.jpg\"><img loading=\"lazy\" decoding=\"async\" width=\"1500\" height=\"1125\" data-id=\"11978\" src=\"https:\/\/www.adapei64.fr\/site\/wp-content\/uploads\/2023\/05\/IMG_1201-BD.jpg\" alt=\"Des enfants doivent identifier des odeurs.\" class=\"wp-image-11978\" srcset=\"http:\/\/www.adapei64.fr\/site\/wp-content\/uploads\/2023\/05\/IMG_1201-BD.jpg 1500w, http:\/\/www.adapei64.fr\/site\/wp-content\/uploads\/2023\/05\/IMG_1201-BD-1000x750.jpg 1000w, http:\/\/www.adapei64.fr\/site\/wp-content\/uploads\/2023\/05\/IMG_1201-BD-768x576.jpg 768w\" sizes=\"auto, (max-width: 1500px) 100vw, 1500px\" \/><\/a><\/figure>\n\n\n\n<figure class=\"wp-block-image size-large\"><a href=\"https:\/\/www.adapei64.fr\/site\/wp-content\/uploads\/2023\/05\/IMG_1218-BD.jpg\"><img loading=\"lazy\" decoding=\"async\" width=\"1500\" height=\"1125\" data-id=\"11979\" src=\"https:\/\/www.adapei64.fr\/site\/wp-content\/uploads\/2023\/05\/IMG_1218-BD.jpg\" alt=\"Une enfant guide une autre enfant sur un parcours psychomoteur.\" class=\"wp-image-11979\" srcset=\"http:\/\/www.adapei64.fr\/site\/wp-content\/uploads\/2023\/05\/IMG_1218-BD.jpg 1500w, http:\/\/www.adapei64.fr\/site\/wp-content\/uploads\/2023\/05\/IMG_1218-BD-1000x750.jpg 1000w, http:\/\/www.adapei64.fr\/site\/wp-content\/uploads\/2023\/05\/IMG_1218-BD-768x576.jpg 768w\" sizes=\"auto, (max-width: 1500px) 100vw, 1500px\" \/><\/a><\/figure>\n\n\n\n<figure class=\"wp-block-image size-large\"><a href=\"https:\/\/www.adapei64.fr\/site\/wp-content\/uploads\/2023\/05\/IMG_1239-BD.jpg\"><img loading=\"lazy\" decoding=\"async\" width=\"1500\" height=\"1125\" data-id=\"11980\" src=\"https:\/\/www.adapei64.fr\/site\/wp-content\/uploads\/2023\/05\/IMG_1239-BD.jpg\" alt=\"Des lunettes modifi\u00e9es qui brouillent la vue.\" class=\"wp-image-11980\" srcset=\"http:\/\/www.adapei64.fr\/site\/wp-content\/uploads\/2023\/05\/IMG_1239-BD.jpg 1500w, http:\/\/www.adapei64.fr\/site\/wp-content\/uploads\/2023\/05\/IMG_1239-BD-1000x750.jpg 1000w, http:\/\/www.adapei64.fr\/site\/wp-content\/uploads\/2023\/05\/IMG_1239-BD-768x576.jpg 768w\" sizes=\"auto, (max-width: 1500px) 100vw, 1500px\" \/><\/a><\/figure>\n<\/figure>\n","protected":false},"excerpt":{"rendered":"<p>L\u2019\u00e9cole primaire de Bizanos, qui accueille l\u2019UEEA (Unit\u00e9 d\u2019Enseignement El\u00e9mentaire Autisme), \u00e9tait tout de bleu v\u00eatue ce lundi 3 avril.Pour la journ\u00e9e de l\u2019autisme, les \u00e9l\u00e8ves de l\u2019\u00e9cole ont pu&hellip; <a class=\"continue\" href=\"http:\/\/www.adapei64.fr\/site\/lecole-primaire-de-bizanos-se-met-au-bleu-pour-la-journee-de-lautisme\/\">Lire :<span> L\u2019\u00e9cole primaire de Bizanos se met au bleu pour la Journ\u00e9e de l\u2019Autisme<\/span><\/a><\/p>\n","protected":false},"author":1,"featured_media":11977,"comment_status":"closed","ping_status":"closed","sticky":false,"template":"","format":"standard","meta":{"_crdt_document":"","om_disable_all_campaigns":false,"_uag_custom_page_level_css":"","_monsterinsights_skip_tracking":false,"_monsterinsights_sitenote_active":false,"_monsterinsights_sitenote_note":"","_monsterinsights_sitenote_category":0,"_uf_show_specific_survey":0,"_uf_disable_surveys":false,"_EventAllDay":false,"_EventTimezone":"","_EventStartDate":"","_EventEndDate":"","_EventStartDateUTC":"","_EventEndDateUTC":"","_EventShowMap":false,"_EventShowMapLink":false,"_EventURL":"","_EventCost":"","_EventCostDescription":"","_EventCurrencySymbol":"","_EventCurrencyCode":"","_EventCurrencyPosition":"","_EventDateTimeSeparator":"","_EventTimeRangeSeparator":"","_EventOrganizerID":[],"_EventVenueID":[],"_OrganizerEmail":"","_OrganizerPhone":"","_OrganizerWebsite":"","_VenueAddress":"","_VenueCity":"","_VenueCountry":"","_VenueProvince":"","_VenueState":"","_VenueZip":"","_VenuePhone":"","_VenueURL":"","_VenueStateProvince":"","_VenueLat":"","_VenueLng":"","_VenueShowMap":false,"_VenueShowMapLink":false,"footnotes":""},"categories":[16],"tags":[],"class_list":["post-11974","post","type-post","status-publish","format-standard","has-post-thumbnail","hentry","category-actualites"],"uagb_featured_image_src":{"full":["http:\/\/www.adapei64.fr\/site\/wp-content\/uploads\/2023\/05\/IMG_1196-BD.jpg",1500,1125,false],"thumbnail":["http:\/\/www.adapei64.fr\/site\/wp-content\/uploads\/2023\/05\/IMG_1196-BD-600x600.jpg",600,600,true],"medium":["http:\/\/www.adapei64.fr\/site\/wp-content\/uploads\/2023\/05\/IMG_1196-BD-1000x750.jpg",1000,750,true],"medium_large":["http:\/\/www.adapei64.fr\/site\/wp-content\/uploads\/2023\/05\/IMG_1196-BD-768x576.jpg",768,576,true],"large":["http:\/\/www.adapei64.fr\/site\/wp-content\/uploads\/2023\/05\/IMG_1196-BD.jpg",1500,1125,false],"1536x1536":["http:\/\/www.adapei64.fr\/site\/wp-content\/uploads\/2023\/05\/IMG_1196-BD.jpg",1500,1125,false],"2048x2048":["http:\/\/www.adapei64.fr\/site\/wp-content\/uploads\/2023\/05\/IMG_1196-BD.jpg",1500,1125,false]},"uagb_author_info":{"display_name":"Marie Lafargue","author_link":"http:\/\/www.adapei64.fr\/site\/author\/marie\/"},"uagb_comment_info":0,"uagb_excerpt":"L\u2019\u00e9cole primaire de Bizanos, qui accueille l\u2019UEEA (Unit\u00e9 d\u2019Enseignement El\u00e9mentaire Autisme), \u00e9tait tout de bleu v\u00eatue ce lundi 3 avril.Pour la journ\u00e9e de l\u2019autisme, les \u00e9l\u00e8ves de l\u2019\u00e9cole ont pu&hellip; Lire : L\u2019\u00e9cole primaire de Bizanos se met au bleu pour la Journ\u00e9e de l\u2019Autisme","distributor_meta":false,"distributor_terms":false,"distributor_media":false,"distributor_original_site_name":"Adapei des Pyr\u00e9n\u00e9es-Atlantiques","distributor_original_site_url":"http:\/\/www.adapei64.fr\/site","push-errors":false,"_links":{"self":[{"href":"http:\/\/www.adapei64.fr\/site\/wp-json\/wp\/v2\/posts\/11974","targetHints":{"allow":["GET"]}}],"collection":[{"href":"http:\/\/www.adapei64.fr\/site\/wp-json\/wp\/v2\/posts"}],"about":[{"href":"http:\/\/www.adapei64.fr\/site\/wp-json\/wp\/v2\/types\/post"}],"author":[{"embeddable":true,"href":"http:\/\/www.adapei64.fr\/site\/wp-json\/wp\/v2\/users\/1"}],"replies":[{"embeddable":true,"href":"http:\/\/www.adapei64.fr\/site\/wp-json\/wp\/v2\/comments?post=11974"}],"version-history":[{"count":2,"href":"http:\/\/www.adapei64.fr\/site\/wp-json\/wp\/v2\/posts\/11974\/revisions"}],"predecessor-version":[{"id":14302,"href":"http:\/\/www.adapei64.fr\/site\/wp-json\/wp\/v2\/posts\/11974\/revisions\/14302"}],"wp:featuredmedia":[{"embeddable":true,"href":"http:\/\/www.adapei64.fr\/site\/wp-json\/wp\/v2\/media\/11977"}],"wp:attachment":[{"href":"http:\/\/www.adapei64.fr\/site\/wp-json\/wp\/v2\/media?parent=11974"}],"wp:term":[{"taxonomy":"category","embeddable":true,"href":"http:\/\/www.adapei64.fr\/site\/wp-json\/wp\/v2\/categories?post=11974"},{"taxonomy":"post_tag","embeddable":true,"href":"http:\/\/www.adapei64.fr\/site\/wp-json\/wp\/v2\/tags?post=11974"}],"curies":[{"name":"wp","href":"https:\/\/api.w.org\/{rel}","templated":true}]}}