{"id":16923,"date":"2025-02-03T12:26:05","date_gmt":"2025-02-03T11:26:05","guid":{"rendered":"https:\/\/www.adapei64.fr\/site\/?p=16923"},"modified":"2025-02-03T12:50:42","modified_gmt":"2025-02-03T11:50:42","slug":"foire-au-gras-du-19-fevrier-au-14-mars","status":"publish","type":"post","link":"http:\/\/www.adapei64.fr\/site\/foire-au-gras-du-19-fevrier-au-14-mars\/","title":{"rendered":"Foire au Gras du 19 f\u00e9vrier au 14 mars"},"content":{"rendered":"\n<p class=\"wp-block-paragraph\">L\u2019ESAT du Ch\u00e2teau Bellevue \u00e0 Baigts de B\u00e9arn organise une nouvelle Foire au Gras&nbsp;!<\/p>\n\n\n\n<p class=\"wp-block-paragraph\">Commandes uniquement par t\u00e9l\u00e9phone&nbsp;: 05.59.65.37.65<\/p>\n\n\n\n<p class=\"wp-block-paragraph\">Retraits sur place \u00e0 la boutique de la conserverie.<\/p>\n\n\n\n<p class=\"wp-block-paragraph\">Tarifs promotionnels* tr\u00e8s attractifs<\/p>\n\n\n\n<p class=\"wp-block-paragraph\"><em>(* les tarifs salari\u00e9s Adapei ne s\u2019appliquent pas sur cette op\u00e9ration sp\u00e9ciale )<\/em><\/p>\n\n\n\n<figure class=\"wp-block-image size-full\"><img loading=\"lazy\" decoding=\"async\" width=\"1146\" height=\"2197\" src=\"http:\/\/www.adapei64.fr\/site\/wp-content\/uploads\/2025\/02\/FOIRE-AU-GRAS-2025-VF_page-0001.jpg\" alt=\"Programme de la foire au gras\" class=\"wp-image-16924\" srcset=\"http:\/\/www.adapei64.fr\/site\/wp-content\/uploads\/2025\/02\/FOIRE-AU-GRAS-2025-VF_page-0001.jpg 1146w, http:\/\/www.adapei64.fr\/site\/wp-content\/uploads\/2025\/02\/FOIRE-AU-GRAS-2025-VF_page-0001-522x1000.jpg 522w, http:\/\/www.adapei64.fr\/site\/wp-content\/uploads\/2025\/02\/FOIRE-AU-GRAS-2025-VF_page-0001-768x1472.jpg 768w, http:\/\/www.adapei64.fr\/site\/wp-content\/uploads\/2025\/02\/FOIRE-AU-GRAS-2025-VF_page-0001-801x1536.jpg 801w, http:\/\/www.adapei64.fr\/site\/wp-content\/uploads\/2025\/02\/FOIRE-AU-GRAS-2025-VF_page-0001-1068x2048.jpg 1068w\" sizes=\"auto, (max-width: 1146px) 100vw, 1146px\" \/><\/figure>\n","protected":false},"excerpt":{"rendered":"<p>L\u2019ESAT du Ch\u00e2teau Bellevue \u00e0 Baigts de B\u00e9arn organise une nouvelle Foire au Gras&nbsp;! Commandes uniquement par t\u00e9l\u00e9phone&nbsp;: 05.59.65.37.65 Retraits sur place \u00e0 la boutique de la conserverie. Tarifs promotionnels*&hellip; <a class=\"continue\" href=\"http:\/\/www.adapei64.fr\/site\/foire-au-gras-du-19-fevrier-au-14-mars\/\">Lire :<span> Foire au Gras du 19 f\u00e9vrier au 14 mars<\/span><\/a><\/p>\n","protected":false},"author":1,"featured_media":16924,"comment_status":"closed","ping_status":"closed","sticky":false,"template":"","format":"standard","meta":{"_crdt_document":"","om_disable_all_campaigns":false,"_uag_custom_page_level_css":"","_monsterinsights_skip_tracking":false,"_monsterinsights_sitenote_active":false,"_monsterinsights_sitenote_note":"","_monsterinsights_sitenote_category":0,"_uf_show_specific_survey":0,"_uf_disable_surveys":false,"_EventAllDay":false,"_EventTimezone":"","_EventStartDate":"","_EventEndDate":"","_EventStartDateUTC":"","_EventEndDateUTC":"","_EventShowMap":false,"_EventShowMapLink":false,"_EventURL":"","_EventCost":"","_EventCostDescription":"","_EventCurrencySymbol":"","_EventCurrencyCode":"","_EventCurrencyPosition":"","_EventDateTimeSeparator":"","_EventTimeRangeSeparator":"","_EventOrganizerID":[],"_EventVenueID":[],"_OrganizerEmail":"","_OrganizerPhone":"","_OrganizerWebsite":"","_VenueAddress":"","_VenueCity":"","_VenueCountry":"","_VenueProvince":"","_VenueState":"","_VenueZip":"","_VenuePhone":"","_VenueURL":"","_VenueStateProvince":"","_VenueLat":"","_VenueLng":"","_VenueShowMap":false,"_VenueShowMapLink":false,"footnotes":""},"categories":[16],"tags":[],"class_list":["post-16923","post","type-post","status-publish","format-standard","has-post-thumbnail","hentry","category-actualites"],"uagb_featured_image_src":{"full":["http:\/\/www.adapei64.fr\/site\/wp-content\/uploads\/2025\/02\/FOIRE-AU-GRAS-2025-VF_page-0001.jpg",1146,2197,false],"thumbnail":["http:\/\/www.adapei64.fr\/site\/wp-content\/uploads\/2025\/02\/FOIRE-AU-GRAS-2025-VF_page-0001-600x600.jpg",600,600,true],"medium":["http:\/\/www.adapei64.fr\/site\/wp-content\/uploads\/2025\/02\/FOIRE-AU-GRAS-2025-VF_page-0001-522x1000.jpg",522,1000,true],"medium_large":["http:\/\/www.adapei64.fr\/site\/wp-content\/uploads\/2025\/02\/FOIRE-AU-GRAS-2025-VF_page-0001-768x1472.jpg",768,1472,true],"large":["http:\/\/www.adapei64.fr\/site\/wp-content\/uploads\/2025\/02\/FOIRE-AU-GRAS-2025-VF_page-0001.jpg",1146,2197,false],"1536x1536":["http:\/\/www.adapei64.fr\/site\/wp-content\/uploads\/2025\/02\/FOIRE-AU-GRAS-2025-VF_page-0001-801x1536.jpg",801,1536,true],"2048x2048":["http:\/\/www.adapei64.fr\/site\/wp-content\/uploads\/2025\/02\/FOIRE-AU-GRAS-2025-VF_page-0001-1068x2048.jpg",1068,2048,true]},"uagb_author_info":{"display_name":"Marie Lafargue","author_link":"http:\/\/www.adapei64.fr\/site\/author\/marie\/"},"uagb_comment_info":0,"uagb_excerpt":"L\u2019ESAT du Ch\u00e2teau Bellevue \u00e0 Baigts de B\u00e9arn organise une nouvelle Foire au Gras&nbsp;! Commandes uniquement par t\u00e9l\u00e9phone&nbsp;: 05.59.65.37.65 Retraits sur place \u00e0 la boutique de la conserverie. Tarifs promotionnels*&hellip; Lire : Foire au Gras du 19 f\u00e9vrier au 14 mars","distributor_meta":false,"distributor_terms":false,"distributor_media":false,"distributor_original_site_name":"Adapei des Pyr\u00e9n\u00e9es-Atlantiques","distributor_original_site_url":"http:\/\/www.adapei64.fr\/site","push-errors":false,"_links":{"self":[{"href":"http:\/\/www.adapei64.fr\/site\/wp-json\/wp\/v2\/posts\/16923","targetHints":{"allow":["GET"]}}],"collection":[{"href":"http:\/\/www.adapei64.fr\/site\/wp-json\/wp\/v2\/posts"}],"about":[{"href":"http:\/\/www.adapei64.fr\/site\/wp-json\/wp\/v2\/types\/post"}],"author":[{"embeddable":true,"href":"http:\/\/www.adapei64.fr\/site\/wp-json\/wp\/v2\/users\/1"}],"replies":[{"embeddable":true,"href":"http:\/\/www.adapei64.fr\/site\/wp-json\/wp\/v2\/comments?post=16923"}],"version-history":[{"count":1,"href":"http:\/\/www.adapei64.fr\/site\/wp-json\/wp\/v2\/posts\/16923\/revisions"}],"predecessor-version":[{"id":16925,"href":"http:\/\/www.adapei64.fr\/site\/wp-json\/wp\/v2\/posts\/16923\/revisions\/16925"}],"wp:featuredmedia":[{"embeddable":true,"href":"http:\/\/www.adapei64.fr\/site\/wp-json\/wp\/v2\/media\/16924"}],"wp:attachment":[{"href":"http:\/\/www.adapei64.fr\/site\/wp-json\/wp\/v2\/media?parent=16923"}],"wp:term":[{"taxonomy":"category","embeddable":true,"href":"http:\/\/www.adapei64.fr\/site\/wp-json\/wp\/v2\/categories?post=16923"},{"taxonomy":"post_tag","embeddable":true,"href":"http:\/\/www.adapei64.fr\/site\/wp-json\/wp\/v2\/tags?post=16923"}],"curies":[{"name":"wp","href":"https:\/\/api.w.org\/{rel}","templated":true}]}}