{"id":120,"date":"2020-12-02T16:14:02","date_gmt":"2020-12-02T15:14:02","guid":{"rendered":"http:\/\/adapei64.fr\/wp2\/cfr\/?p=120"},"modified":"2020-12-02T16:14:02","modified_gmt":"2020-12-02T15:14:02","slug":"colloque-autisme-et-outils-numeriques","status":"publish","type":"post","link":"https:\/\/www.adapei64.fr\/site\/cfr\/colloque-autisme-et-outils-numeriques\/","title":{"rendered":"Colloque Autisme et outils num\u00e9riques"},"content":{"rendered":"\n<h3 class=\"wp-block-heading\">Colloque \u00ab TICE Autisme \u2013 Autisme et outils num\u00e9riques, de la recherche aux applications \u00bb organis\u00e9 par l\u2019Observatoire National des Ressources Num\u00e9riques Adapt\u00e9es (ORNA) &#8211; 16 mai 2018<\/h3>\n\n\n\n<p>Au cours de cette journ\u00e9e, j\u2019ai pr\u00e9sent\u00e9 une communication orale sur le th\u00e8me suivant :&nbsp;<strong>\u00ab les enfants avec TSA et leur usage des outils num\u00e9riques : mise en \u00e9vidence de l\u2019int\u00e9r\u00eat d\u2019une application pour ralentir les informations \u00bb<\/strong>&nbsp;; ainsi qu\u2019un atelier sur&nbsp;<strong>\u00ab la tablette AMIKEO et l\u2019application Logiral TM : une d\u00e9monstration de solutions num\u00e9riques personnalis\u00e9es pour les personnes avec TSA \u00bb<\/strong>.<\/p>\n\n\n\n<p>Vous trouverez ci-dessous le lien URL vers l&rsquo;enregistrement vid\u00e9o de cette communication orale.<\/p>\n\n\n\n<p>Ce colloque a permis d\u2019assister \u00e0 plusieurs pr\u00e9sentations sur le d\u00e9ploiement et les bilans d\u2019exp\u00e9rimentations de divers outils num\u00e9riques (Kinect, tablettes, applications\u2026) dans diff\u00e9rents lieux (\u00e9tablissements et services m\u00e9dico-sociaux) pour le travail de comp\u00e9tences (connaissance du corps, interactions, rem\u00e9diation cognitive, autonomie\u2026) aupr\u00e8s d\u2019enfants avec autisme.<\/p>\n\n\n\n<p>Tr\u00e9maud, M., Tardif, C. &amp; Aguiar, Y. (2018, mai).&nbsp;<em>Les enfants avec TSA et leur usage des outils num\u00e9riques : mise en \u00e9vidence de l\u2019int\u00e9r\u00eat d\u2019une application pour ralentir les informations<\/em>. Communication pr\u00e9sent\u00e9e au Colloque TICE Autisme, ORNA INS HEA, Suresnes.<\/p>\n\n\n\n<p>Tr\u00e9maud, M., Tardif, C. &amp; Aguiar, Y. (2018, mai).&nbsp;<em>La tablette AMIKEO et l\u2019application Logiral TM : une d\u00e9monstration de solutions num\u00e9riques personnalis\u00e9es pour les personnes avec TSA<\/em>. Atelier pr\u00e9sent\u00e9 au Colloque TICE Autisme, ORNA INS HEA, Suresnes.<\/p>\n\n\n\n<p>Ma\u00ebla TREMAUD<br><a rel=\"noreferrer noopener\" href=\"https:\/\/www.canal-u.tv\/video\/ins_hea\/maela_tremaud_doctorante_en_psychologie_du_developpement_aix_marseille_universite_centre_de_recherche_psycle_et_centre_de_formation_et_de_recherche_adapei_des_pyrenees_atlantiques.44451\" target=\"_blank\">Vid\u00e9o de la communication<\/a><br><br>Recherche en psychologie du d\u00e9veloppement de 2017 \u00e0 2020<\/p>\n","protected":false},"excerpt":{"rendered":"<p>Colloque \u00ab TICE Autisme \u2013 Autisme et outils num\u00e9riques, de la recherche aux applications \u00bb organis\u00e9 par l\u2019Observatoire National des Ressources Num\u00e9riques Adapt\u00e9es (ORNA) &#8211; 16 mai 2018 Au cours de cette journ\u00e9e, j\u2019ai pr\u00e9sent\u00e9 une communication orale sur le th\u00e8me suivant :&nbsp;\u00ab les enfants avec TSA et leur usage des outils num\u00e9riques : mise [&hellip;]<\/p>\n","protected":false},"author":1,"featured_media":121,"comment_status":"open","ping_status":"open","sticky":false,"template":"","format":"standard","meta":{"_acf_changed":false,"footnotes":""},"categories":[6,3],"tags":[],"class_list":["post-120","post","type-post","status-publish","format-standard","has-post-thumbnail","hentry","category-actualites","category-psychologie-du-developpement"],"acf":[],"distributor_meta":false,"distributor_terms":false,"distributor_media":false,"distributor_original_site_name":"Centre de Formation et de Recherche","distributor_original_site_url":"https:\/\/www.adapei64.fr\/site\/cfr","push-errors":false,"_links":{"self":[{"href":"https:\/\/www.adapei64.fr\/site\/cfr\/wp-json\/wp\/v2\/posts\/120","targetHints":{"allow":["GET"]}}],"collection":[{"href":"https:\/\/www.adapei64.fr\/site\/cfr\/wp-json\/wp\/v2\/posts"}],"about":[{"href":"https:\/\/www.adapei64.fr\/site\/cfr\/wp-json\/wp\/v2\/types\/post"}],"author":[{"embeddable":true,"href":"https:\/\/www.adapei64.fr\/site\/cfr\/wp-json\/wp\/v2\/users\/1"}],"replies":[{"embeddable":true,"href":"https:\/\/www.adapei64.fr\/site\/cfr\/wp-json\/wp\/v2\/comments?post=120"}],"version-history":[{"count":1,"href":"https:\/\/www.adapei64.fr\/site\/cfr\/wp-json\/wp\/v2\/posts\/120\/revisions"}],"predecessor-version":[{"id":122,"href":"https:\/\/www.adapei64.fr\/site\/cfr\/wp-json\/wp\/v2\/posts\/120\/revisions\/122"}],"wp:featuredmedia":[{"embeddable":true,"href":"https:\/\/www.adapei64.fr\/site\/cfr\/wp-json\/wp\/v2\/media\/121"}],"wp:attachment":[{"href":"https:\/\/www.adapei64.fr\/site\/cfr\/wp-json\/wp\/v2\/media?parent=120"}],"wp:term":[{"taxonomy":"category","embeddable":true,"href":"https:\/\/www.adapei64.fr\/site\/cfr\/wp-json\/wp\/v2\/categories?post=120"},{"taxonomy":"post_tag","embeddable":true,"href":"https:\/\/www.adapei64.fr\/site\/cfr\/wp-json\/wp\/v2\/tags?post=120"}],"curies":[{"name":"wp","href":"https:\/\/api.w.org\/{rel}","templated":true}]}}