{"id":2230,"date":"2023-05-09T13:45:31","date_gmt":"2023-05-09T11:45:31","guid":{"rendered":"https:\/\/www.adapei64.fr\/site\/cfr\/?p=2230"},"modified":"2023-05-17T14:04:39","modified_gmt":"2023-05-17T12:04:39","slug":"formation-prevenir-et-accompagner-les-situations-de-violence-a-lattention-des-aidants","status":"publish","type":"post","link":"https:\/\/www.adapei64.fr\/site\/cfr\/formation-prevenir-et-accompagner-les-situations-de-violence-a-lattention-des-aidants\/","title":{"rendered":"Formation Pr\u00e9venir et accompagner les situations de violence \u00e0 l\u2019attention des aidants"},"content":{"rendered":"<p>\ud83d\udce3 Vous ressentez le besoin de vous former sur ce sujet ?<\/p>\n<p>\ud83d\udd14 Notre Centre de Formation et de Recherche propose une session du 14 au 15 septembre 2023.<\/p>\n<p>\u2714A l\u2019issu de la formation vous serez en mesure de\u00a0:<br \/>\n&#8211; Identifier les diff\u00e9rents types de violence externe,<br \/>\n&#8211; Situer votre place dans la pr\u00e9vention, l\u2018accompagnement et la gestion des situations de violence,<br \/>\n&#8211; Mettre en \u0153uvre des actions concr\u00e8tes permettant de pr\u00e9venir et de limiter l\u2019\u00e9mergence de situations de violence,<br \/>\n&#8211; Utiliser des techniques verbales, comportementales et physiques dans la gestion de la violence,<br \/>\n&#8211; Mobiliser les outils d&rsquo;analyse et les personnes ressources.<\/p>\n<p>Cette formation s&rsquo;adresse \u00e0 tout aidant d\u2019une personne en situation de handicap, dans un cadre extra-professionnel.<\/p>\n<p>\ud83d\udd53 Dur\u00e9e\u00a0: 14h (2 jours)<br \/>\n\ud83d\udccd Lieu\u00a0: Centre de Formation et de Recherche \u2013 1 avenue Copernic \u2013 64000 PAU<\/p>\n<p>N\u2019h\u00e9sitez pas \u00e0 nous contacter\u00a0pour plus d&rsquo;informations !<\/p>\n<p>\ud83d\udccc Plus d\u2019informations sur : <a href=\"https:\/\/www.adapei64.fr\/site\/cfr\/formations\/prevenir-et-accompagner-les-situations-de-violence-a-lattention-des-aidants\/\" target=\"_blank\" rel=\"noopener\">https:\/\/www.adapei64.fr\/site\/cfr\/<\/a><\/p>\n","protected":false},"excerpt":{"rendered":"<p>\ud83d\udce3 Vous ressentez le besoin de vous former sur ce sujet ? \ud83d\udd14 Notre Centre de Formation et de Recherche propose une session du 14 au 15 septembre 2023. \u2714A l\u2019issu de la formation vous serez en mesure de\u00a0: &#8211; Identifier les diff\u00e9rents types de violence externe, &#8211; Situer votre place dans la pr\u00e9vention, l\u2018accompagnement [&hellip;]<\/p>\n","protected":false},"author":1,"featured_media":2232,"comment_status":"open","ping_status":"open","sticky":false,"template":"","format":"standard","meta":{"_acf_changed":false,"footnotes":""},"categories":[6,4,1],"tags":[],"class_list":["post-2230","post","type-post","status-publish","format-standard","has-post-thumbnail","hentry","category-actualites","category-nouvelles-formations","category-non-classe"],"acf":[],"distributor_meta":false,"distributor_terms":false,"distributor_media":false,"distributor_original_site_name":"Centre de Formation et de Recherche","distributor_original_site_url":"https:\/\/www.adapei64.fr\/site\/cfr","push-errors":false,"_links":{"self":[{"href":"https:\/\/www.adapei64.fr\/site\/cfr\/wp-json\/wp\/v2\/posts\/2230","targetHints":{"allow":["GET"]}}],"collection":[{"href":"https:\/\/www.adapei64.fr\/site\/cfr\/wp-json\/wp\/v2\/posts"}],"about":[{"href":"https:\/\/www.adapei64.fr\/site\/cfr\/wp-json\/wp\/v2\/types\/post"}],"author":[{"embeddable":true,"href":"https:\/\/www.adapei64.fr\/site\/cfr\/wp-json\/wp\/v2\/users\/1"}],"replies":[{"embeddable":true,"href":"https:\/\/www.adapei64.fr\/site\/cfr\/wp-json\/wp\/v2\/comments?post=2230"}],"version-history":[{"count":1,"href":"https:\/\/www.adapei64.fr\/site\/cfr\/wp-json\/wp\/v2\/posts\/2230\/revisions"}],"predecessor-version":[{"id":2233,"href":"https:\/\/www.adapei64.fr\/site\/cfr\/wp-json\/wp\/v2\/posts\/2230\/revisions\/2233"}],"wp:featuredmedia":[{"embeddable":true,"href":"https:\/\/www.adapei64.fr\/site\/cfr\/wp-json\/wp\/v2\/media\/2232"}],"wp:attachment":[{"href":"https:\/\/www.adapei64.fr\/site\/cfr\/wp-json\/wp\/v2\/media?parent=2230"}],"wp:term":[{"taxonomy":"category","embeddable":true,"href":"https:\/\/www.adapei64.fr\/site\/cfr\/wp-json\/wp\/v2\/categories?post=2230"},{"taxonomy":"post_tag","embeddable":true,"href":"https:\/\/www.adapei64.fr\/site\/cfr\/wp-json\/wp\/v2\/tags?post=2230"}],"curies":[{"name":"wp","href":"https:\/\/api.w.org\/{rel}","templated":true}]}}