{"id":276,"date":"2019-10-17T14:04:45","date_gmt":"2019-10-17T12:04:45","guid":{"rendered":"http:\/\/adapei64.fr\/wp2\/cfr\/?p=276"},"modified":"2024-07-11T17:45:20","modified_gmt":"2024-07-11T15:45:20","slug":"la-valorisation-des-roles-sociaux-vrs-17-octobre-2019","status":"publish","type":"post","link":"https:\/\/www.adapei64.fr\/site\/cfr\/la-valorisation-des-roles-sociaux-vrs-17-octobre-2019\/","title":{"rendered":"\u00ab\u00a0La valorisation des r\u00f4les sociaux (VRS)\u00a0\u00bb : 17 octobre 2019"},"content":{"rendered":"\n<h3 class=\"wp-block-heading\">17 octobre 2019 : La Valorisation des R\u00f4les Sociaux, Une fa\u00e7on de voir et de comprendre<\/h3>\n\n\n\n<p>Une&nbsp;fa\u00e7on&nbsp;de faire<br>Un&nbsp;changement&nbsp;de&nbsp;paradigme<br>Une&nbsp;d\u00e9marche&nbsp;simple&nbsp;mais&nbsp;pas&nbsp;simpliste\u2026<br><br>La&nbsp;d\u00e9valorisation&nbsp;sociale&nbsp;d\u2019une&nbsp;personne&nbsp;r\u00e9sulte&nbsp;du \u00ab&nbsp;regard&nbsp;\u00bb de&nbsp;l\u2019observateur,&nbsp;elle&nbsp;n\u2019est&nbsp;pas&nbsp;inh\u00e9rente&nbsp;\u00e0 la&nbsp;personne&nbsp;observ\u00e9e. La&nbsp;d\u00e9valorisation&nbsp;sociale&nbsp;est&nbsp;universelle&nbsp;et&nbsp;intemporelle&nbsp;: on la&nbsp;retrouve&nbsp;de tout temps&nbsp;dans&nbsp;toutes&nbsp;les&nbsp;soci\u00e9t\u00e9s.&nbsp;MAIS&nbsp;le&nbsp;d\u00e9valoris\u00e9&nbsp;change&nbsp;d\u2019une&nbsp;soci\u00e9t\u00e9&nbsp;\u00e0&nbsp;une&nbsp;autre.<br>Quand&nbsp;nous&nbsp;travaillons&nbsp;avec&nbsp;des&nbsp;personnes&nbsp;dont&nbsp;le&nbsp;r\u00f4le&nbsp;social est&nbsp;d\u00e9valoris\u00e9, nous&nbsp;pouvons&nbsp;activer,&nbsp;selon&nbsp;la&nbsp;VRS,&nbsp;certains&nbsp;leviers pour&nbsp;lutter&nbsp;contre&nbsp;ces&nbsp;st\u00e9r\u00e9otypes&nbsp;n\u00e9gatifs.<br><br>Nos&nbsp;objectifs&nbsp;pour&nbsp;cette&nbsp;matinale&nbsp;:&nbsp;<\/p>\n\n\n\n<ul class=\"wp-block-list\">\n<li>\u00a0D\u00e9couvrir\u00a0les\u00a0moyens\u00a0propos\u00e9s\u00a0par la\u00a0VRS\u00a0pour\u00a0am\u00e9liorer\u00a0l\u2019image\u00a0des\u00a0personnes\u00a0accompagn\u00e9es\u00a0et le\u00a0d\u00e9veloppement\u00a0de\u00a0leurs\u00a0comp\u00e9tences<\/li>\n\n\n\n<li>\u00a0\u00a0A\u00a0l\u2019appui\u00a0de\u00a0ces\u00a0outils,\u00a0questionner\u00a0notre\u00a0action pour se demander si ce que nous\u00a0faisons\u00a0permet, effectivement, \u00e0 la\u00a0personne\u00a0que nous accompagnons d\u2019occuper\u00a0dans\u00a0la\u00a0soci\u00e9t\u00e9\u00a0une\u00a0place \u00e9gale \u00e0 la n\u00f4tre, \u00e0 celle des \u00ab\u00a0autres\u00a0\u00bb. UN parmi TOUS\u00a0!\u00a0<\/li>\n<\/ul>\n\n\n\n<h3 class=\"wp-block-heading\">Intervenant(s) :<\/h3>\n\n\n\n<p>St\u00e9phane VINCENT a grandi aupr\u00e8s d\u2019un fr\u00e8re en situation de handicap. Il se souvient des regards dans la rue et de leur impact. Plus tard, en travaillant au contact d\u2019ouvriers d\u2019ESAT ou de r\u00e9sidents de foyer, il a cherch\u00e9 \u00e0 voir l\u2019ordinaire dans ce qui ne l\u2019est apparemment pas. Il a cherch\u00e9 \u00e0 faire \u00e9merger l\u2019extra-ordinaire dans ce qui est per\u00e7u comme moins-que-l\u2019ordinaire.<br>La d\u00e9couverte de la VRS a \u00e9t\u00e9 une r\u00e9v\u00e9lation pour mettre des mots sur cette posture instinctive.<br>Il est actuellement coordonnateur et formateur pour un dispositif de reconnaissance des comp\u00e9tences professionnelles : \u00ab Diff\u00e9rent et Comp\u00e9tent \u00bb.<\/p>\n","protected":false},"excerpt":{"rendered":"<p>17 octobre 2019 : La Valorisation des R\u00f4les Sociaux, Une fa\u00e7on de voir et de comprendre Une&nbsp;fa\u00e7on&nbsp;de faireUn&nbsp;changement&nbsp;de&nbsp;paradigmeUne&nbsp;d\u00e9marche&nbsp;simple&nbsp;mais&nbsp;pas&nbsp;simpliste\u2026 La&nbsp;d\u00e9valorisation&nbsp;sociale&nbsp;d\u2019une&nbsp;personne&nbsp;r\u00e9sulte&nbsp;du \u00ab&nbsp;regard&nbsp;\u00bb de&nbsp;l\u2019observateur,&nbsp;elle&nbsp;n\u2019est&nbsp;pas&nbsp;inh\u00e9rente&nbsp;\u00e0 la&nbsp;personne&nbsp;observ\u00e9e. La&nbsp;d\u00e9valorisation&nbsp;sociale&nbsp;est&nbsp;universelle&nbsp;et&nbsp;intemporelle&nbsp;: on la&nbsp;retrouve&nbsp;de tout temps&nbsp;dans&nbsp;toutes&nbsp;les&nbsp;soci\u00e9t\u00e9s.&nbsp;MAIS&nbsp;le&nbsp;d\u00e9valoris\u00e9&nbsp;change&nbsp;d\u2019une&nbsp;soci\u00e9t\u00e9&nbsp;\u00e0&nbsp;une&nbsp;autre.Quand&nbsp;nous&nbsp;travaillons&nbsp;avec&nbsp;des&nbsp;personnes&nbsp;dont&nbsp;le&nbsp;r\u00f4le&nbsp;social est&nbsp;d\u00e9valoris\u00e9, nous&nbsp;pouvons&nbsp;activer,&nbsp;selon&nbsp;la&nbsp;VRS,&nbsp;certains&nbsp;leviers pour&nbsp;lutter&nbsp;contre&nbsp;ces&nbsp;st\u00e9r\u00e9otypes&nbsp;n\u00e9gatifs. Nos&nbsp;objectifs&nbsp;pour&nbsp;cette&nbsp;matinale&nbsp;:&nbsp; Intervenant(s) : St\u00e9phane VINCENT a grandi aupr\u00e8s d\u2019un fr\u00e8re en situation de handicap. Il se souvient des regards dans la rue et de leur [&hellip;]<\/p>\n","protected":false},"author":1,"featured_media":52,"comment_status":"open","ping_status":"open","sticky":false,"template":"","format":"standard","meta":{"_acf_changed":false,"footnotes":""},"categories":[5],"tags":[],"class_list":["post-276","post","type-post","status-publish","format-standard","has-post-thumbnail","hentry","category-matinales"],"acf":[],"distributor_meta":false,"distributor_terms":false,"distributor_media":false,"distributor_original_site_name":"Centre de Formation et de Recherche","distributor_original_site_url":"https:\/\/www.adapei64.fr\/site\/cfr","push-errors":false,"_links":{"self":[{"href":"https:\/\/www.adapei64.fr\/site\/cfr\/wp-json\/wp\/v2\/posts\/276","targetHints":{"allow":["GET"]}}],"collection":[{"href":"https:\/\/www.adapei64.fr\/site\/cfr\/wp-json\/wp\/v2\/posts"}],"about":[{"href":"https:\/\/www.adapei64.fr\/site\/cfr\/wp-json\/wp\/v2\/types\/post"}],"author":[{"embeddable":true,"href":"https:\/\/www.adapei64.fr\/site\/cfr\/wp-json\/wp\/v2\/users\/1"}],"replies":[{"embeddable":true,"href":"https:\/\/www.adapei64.fr\/site\/cfr\/wp-json\/wp\/v2\/comments?post=276"}],"version-history":[{"count":3,"href":"https:\/\/www.adapei64.fr\/site\/cfr\/wp-json\/wp\/v2\/posts\/276\/revisions"}],"predecessor-version":[{"id":3128,"href":"https:\/\/www.adapei64.fr\/site\/cfr\/wp-json\/wp\/v2\/posts\/276\/revisions\/3128"}],"wp:featuredmedia":[{"embeddable":true,"href":"https:\/\/www.adapei64.fr\/site\/cfr\/wp-json\/wp\/v2\/media\/52"}],"wp:attachment":[{"href":"https:\/\/www.adapei64.fr\/site\/cfr\/wp-json\/wp\/v2\/media?parent=276"}],"wp:term":[{"taxonomy":"category","embeddable":true,"href":"https:\/\/www.adapei64.fr\/site\/cfr\/wp-json\/wp\/v2\/categories?post=276"},{"taxonomy":"post_tag","embeddable":true,"href":"https:\/\/www.adapei64.fr\/site\/cfr\/wp-json\/wp\/v2\/tags?post=276"}],"curies":[{"name":"wp","href":"https:\/\/api.w.org\/{rel}","templated":true}]}}