{"id":3242,"date":"2024-09-11T14:18:02","date_gmt":"2024-09-11T12:18:02","guid":{"rendered":"https:\/\/www.adapei64.fr\/site\/cfr\/?p=3242"},"modified":"2024-09-11T14:19:41","modified_gmt":"2024-09-11T12:19:41","slug":"autodetermination-de-quoi-parle-t-on-2","status":"publish","type":"post","link":"https:\/\/www.adapei64.fr\/site\/cfr\/autodetermination-de-quoi-parle-t-on-2\/","title":{"rendered":"Autod\u00e9termination : de quoi parle-t-on ? 5 novembre 2024"},"content":{"rendered":"\n<h2 class=\"wp-block-heading\">5 novembre 2024 &#8211; de 9h \u00e0 12h30<\/h2>\n\n\n\n<p>L\u2019autod\u00e9termination est un droit pour tous \u00e0 d\u00e9cider par soi-m\u00eame. C\u2019est un cheminement, cela s\u2019apprend, s\u2019accompagne et se d\u00e9veloppe tout au long de la vie.<br>C\u2019est un droit \u00e0 envisager sa vie en :<\/p>\n\n\n\n<ul class=\"wp-block-list\">\n<li>Exprimant ses envies et ses pr\u00e9f\u00e9rences ;<\/li>\n\n\n\n<li>Faisant des choix seul (je peux et sais demander de l\u2019aide), en fonction de ce qui est important pour soi et en connaissant ses possibles ;<\/li>\n\n\n\n<li>Exp\u00e9rimentant et ayant la possibilit\u00e9 de se tromper.<br>C\u2019est autant la r\u00e9ussite que le processus mis en oeuvre qui permet de se r\u00e9aliser.<br>Ce n\u2019est pas l\u2019ind\u00e9pendance, ni la libert\u00e9 totale de d\u00e9cider de tout sans tenir compte des contraintes et du cadre.<br>L\u2019autod\u00e9termination s\u2019appuie sur 4 concepts socles :<br><strong>L\u2019autor\u00e9alisation, l\u2019autor\u00e9gulation, l\u2019autonomie, le pouvoir d\u2019agir.<\/strong><br>Favoriser l\u2019autod\u00e9termination, c\u2019est associer l\u2019environnement proche des personnes accompagn\u00e9es (familles, professionnels\u2026).<br>Ce nouveau paradigme vient requestionner la place de chacun.<\/li>\n<\/ul>\n\n\n\n<p>L\u2019animation de cette matinale s\u2019articulera autour de t\u00e9moignages de personnes accompagn\u00e9es, familles et professionnels de notre association.<br>L\u2019organisme Consultant &amp; Solutions, sp\u00e9cialis\u00e9 dans l\u2019accompagnement \u00e0 l\u2019autod\u00e9termination, animera les \u00e9changes et apportera des cl\u00e9s de compr\u00e9hension sur l\u2019autod\u00e9termination.<\/p>\n\n\n\n<h2 class=\"wp-block-heading\">Inscription aupr\u00e8s du CFR : <\/h2>\n\n\n\n<p>05 59 81 36 98 ou siege.formation@adapei64.fr<\/p>\n\n\n\n<p>Participation : 20 \u20ac (gratuit pour les adh\u00e9rents et personnes accompagn\u00e9es de l\u2019Adapei P.A.)<br><\/p>\n\n\n\n<p><\/p>\n","protected":false},"excerpt":{"rendered":"<p>5 novembre 2024 &#8211; de 9h \u00e0 12h30 L\u2019autod\u00e9termination est un droit pour tous \u00e0 d\u00e9cider par soi-m\u00eame. C\u2019est un cheminement, cela s\u2019apprend, s\u2019accompagne et se d\u00e9veloppe tout au long de la vie.C\u2019est un droit \u00e0 envisager sa vie en : L\u2019animation de cette matinale s\u2019articulera autour de t\u00e9moignages de personnes accompagn\u00e9es, familles et professionnels [&hellip;]<\/p>\n","protected":false},"author":1,"featured_media":2616,"comment_status":"closed","ping_status":"open","sticky":false,"template":"","format":"standard","meta":{"_acf_changed":false,"footnotes":""},"categories":[5],"tags":[],"class_list":["post-3242","post","type-post","status-publish","format-standard","has-post-thumbnail","hentry","category-matinales"],"acf":[],"distributor_meta":false,"distributor_terms":false,"distributor_media":false,"distributor_original_site_name":"Centre de Formation et de Recherche","distributor_original_site_url":"https:\/\/www.adapei64.fr\/site\/cfr","push-errors":false,"_links":{"self":[{"href":"https:\/\/www.adapei64.fr\/site\/cfr\/wp-json\/wp\/v2\/posts\/3242","targetHints":{"allow":["GET"]}}],"collection":[{"href":"https:\/\/www.adapei64.fr\/site\/cfr\/wp-json\/wp\/v2\/posts"}],"about":[{"href":"https:\/\/www.adapei64.fr\/site\/cfr\/wp-json\/wp\/v2\/types\/post"}],"author":[{"embeddable":true,"href":"https:\/\/www.adapei64.fr\/site\/cfr\/wp-json\/wp\/v2\/users\/1"}],"replies":[{"embeddable":true,"href":"https:\/\/www.adapei64.fr\/site\/cfr\/wp-json\/wp\/v2\/comments?post=3242"}],"version-history":[{"count":3,"href":"https:\/\/www.adapei64.fr\/site\/cfr\/wp-json\/wp\/v2\/posts\/3242\/revisions"}],"predecessor-version":[{"id":3246,"href":"https:\/\/www.adapei64.fr\/site\/cfr\/wp-json\/wp\/v2\/posts\/3242\/revisions\/3246"}],"wp:featuredmedia":[{"embeddable":true,"href":"https:\/\/www.adapei64.fr\/site\/cfr\/wp-json\/wp\/v2\/media\/2616"}],"wp:attachment":[{"href":"https:\/\/www.adapei64.fr\/site\/cfr\/wp-json\/wp\/v2\/media?parent=3242"}],"wp:term":[{"taxonomy":"category","embeddable":true,"href":"https:\/\/www.adapei64.fr\/site\/cfr\/wp-json\/wp\/v2\/categories?post=3242"},{"taxonomy":"post_tag","embeddable":true,"href":"https:\/\/www.adapei64.fr\/site\/cfr\/wp-json\/wp\/v2\/tags?post=3242"}],"curies":[{"name":"wp","href":"https:\/\/api.w.org\/{rel}","templated":true}]}}