{"id":3247,"date":"2024-09-11T14:22:51","date_gmt":"2024-09-11T12:22:51","guid":{"rendered":"https:\/\/www.adapei64.fr\/site\/cfr\/?p=3247"},"modified":"2025-10-21T11:37:15","modified_gmt":"2025-10-21T09:37:15","slug":"parlons-ensemble-de-la-preparation-a-la-retraite-des-travailleurs-desat-2-decembre-2024","status":"publish","type":"post","link":"https:\/\/www.adapei64.fr\/site\/cfr\/parlons-ensemble-de-la-preparation-a-la-retraite-des-travailleurs-desat-2-decembre-2024\/","title":{"rendered":"Parlons ensemble de la pr\u00e9paration \u00e0 la retraite des travailleurs d\u2019ESAT. 2 d\u00e9cembre 2024"},"content":{"rendered":"\n<h2 class=\"wp-block-heading\">2 d\u00e9cembre 2024 &#8211; de 9h \u00e0 12h30<\/h2>\n\n\n\n<p><strong>Le passage en retraite<\/strong>, peut-\u00eatre, pour les personnes que nous accompagnons, un v\u00e9ritable coup d\u2019arr\u00eat sur une partie de leur vie construite en ESAT et\/ou en Foyer d\u2019H\u00e9bergement.<\/p>\n\n\n\n<p>La d\u00e9marche <strong>Un Avenir Apr\u00e8s le Travail<\/strong> am\u00e8ne une m\u00e9thodologie d\u2019accompagnement pour anticiper, pr\u00e9parer et parler de la question de la retraite dans les ESAT.<\/p>\n\n\n\n<p>La retraite est l\u2019opportunit\u00e9, pour des personnes jusqu\u2019alors \u00e9loign\u00e9es du secteur de l\u2019emploi \u00ab ordinaire \u00bb, d\u2019acc\u00e9der \u00e0 un statut de droit commun, avec des droits similaires \u00e0 tout retrait\u00e9.<\/p>\n\n\n\n<p>Cette transition n\u00e9cessite d\u2019\u00eatre pr\u00e9par\u00e9e notamment en activant deux leviers indispensables :<\/p>\n\n\n\n<ul class=\"wp-block-list\">\n<li><strong>Accompagner les personnes dans l\u2019anticipation, la pr\u00e9paration et l\u2019organisation de cette nouvelle p\u00e9riode de vie.<\/strong><\/li>\n\n\n\n<li><strong>Participer, avec les personnes concern\u00e9es et les \u00e9quipes professionnelles, \u00e0 l\u2019accessibilit\u00e9 du secteur de la retraite<\/strong> (acteurs intervenants dans les domaines administratifs, de l\u2019habitat, de l\u2019autonomie, de la participation sociale des s\u00e9niors et de la sant\u00e9).<\/li>\n<\/ul>\n\n\n\n<p>L\u2019animation de cette matinale s\u2019articulera autour de pr\u00e9sentations et t\u00e9moignages d\u2019ouvriers d\u2019ESAT, de professionnels d\u2019\u00e9tablissements et services de notre association et de la d\u00e9marche \u00ab Un Avenir apr\u00e8s le Travail \u00bb.<\/p>\n\n\n\n<h2 class=\"wp-block-heading\">Inscription aupr\u00e8s du CFR : <\/h2>\n\n\n\n<p>05 59 81 36 98 ou siege.formation@adapei64.fr<\/p>\n\n\n\n<p>Participation : 20 \u20ac (gratuit pour les adh\u00e9rents et personnes accompagn\u00e9es de l\u2019Adapei P.A.)<\/p>\n\n\n\n<p><\/p>\n","protected":false},"excerpt":{"rendered":"<p>2 d\u00e9cembre 2024 &#8211; de 9h \u00e0 12h30 Le passage en retraite, peut-\u00eatre, pour les personnes que nous accompagnons, un v\u00e9ritable coup d\u2019arr\u00eat sur une partie de leur vie construite en ESAT et\/ou en Foyer d\u2019H\u00e9bergement. La d\u00e9marche Un Avenir Apr\u00e8s le Travail am\u00e8ne une m\u00e9thodologie d\u2019accompagnement pour anticiper, pr\u00e9parer et parler de la question [&hellip;]<\/p>\n","protected":false},"author":1,"featured_media":3344,"comment_status":"closed","ping_status":"open","sticky":false,"template":"","format":"standard","meta":{"_acf_changed":false,"footnotes":""},"categories":[5],"tags":[],"class_list":["post-3247","post","type-post","status-publish","format-standard","has-post-thumbnail","hentry","category-matinales"],"acf":[],"distributor_meta":false,"distributor_terms":false,"distributor_media":false,"distributor_original_site_name":"Centre de Formation et de Recherche","distributor_original_site_url":"https:\/\/www.adapei64.fr\/site\/cfr","push-errors":false,"_links":{"self":[{"href":"https:\/\/www.adapei64.fr\/site\/cfr\/wp-json\/wp\/v2\/posts\/3247","targetHints":{"allow":["GET"]}}],"collection":[{"href":"https:\/\/www.adapei64.fr\/site\/cfr\/wp-json\/wp\/v2\/posts"}],"about":[{"href":"https:\/\/www.adapei64.fr\/site\/cfr\/wp-json\/wp\/v2\/types\/post"}],"author":[{"embeddable":true,"href":"https:\/\/www.adapei64.fr\/site\/cfr\/wp-json\/wp\/v2\/users\/1"}],"replies":[{"embeddable":true,"href":"https:\/\/www.adapei64.fr\/site\/cfr\/wp-json\/wp\/v2\/comments?post=3247"}],"version-history":[{"count":1,"href":"https:\/\/www.adapei64.fr\/site\/cfr\/wp-json\/wp\/v2\/posts\/3247\/revisions"}],"predecessor-version":[{"id":3248,"href":"https:\/\/www.adapei64.fr\/site\/cfr\/wp-json\/wp\/v2\/posts\/3247\/revisions\/3248"}],"wp:featuredmedia":[{"embeddable":true,"href":"https:\/\/www.adapei64.fr\/site\/cfr\/wp-json\/wp\/v2\/media\/3344"}],"wp:attachment":[{"href":"https:\/\/www.adapei64.fr\/site\/cfr\/wp-json\/wp\/v2\/media?parent=3247"}],"wp:term":[{"taxonomy":"category","embeddable":true,"href":"https:\/\/www.adapei64.fr\/site\/cfr\/wp-json\/wp\/v2\/categories?post=3247"},{"taxonomy":"post_tag","embeddable":true,"href":"https:\/\/www.adapei64.fr\/site\/cfr\/wp-json\/wp\/v2\/tags?post=3247"}],"curies":[{"name":"wp","href":"https:\/\/api.w.org\/{rel}","templated":true}]}}