{"id":3505,"date":"2026-01-26T09:51:38","date_gmt":"2026-01-26T08:51:38","guid":{"rendered":"https:\/\/www.adapei64.fr\/site\/cfr\/?p=3505"},"modified":"2026-04-20T12:21:34","modified_gmt":"2026-04-20T10:21:34","slug":"decouvrez-le-nouveau-catalogue-de-formations-2026","status":"publish","type":"post","link":"https:\/\/www.adapei64.fr\/site\/cfr\/decouvrez-le-nouveau-catalogue-de-formations-2026\/","title":{"rendered":"D\u00e9couvrez le nouveau catalogue de formations 2026"},"content":{"rendered":"\n<p>Le Centre de Formation et de Recherche est heureux d\u2019annoncer la parution de son nouveau <strong>catalogue de formation 2026<\/strong>. Cette ann\u00e9e encore, nous renfor\u00e7ons notre engagement aupr\u00e8s des professionnels, des \u00e9quipes et des travailleurs d\u2019ESAT en proposant des contenus actualis\u00e9s, ancr\u00e9s dans les r\u00e9alit\u00e9s du terrain et construits avec nos partenaires historiques.<\/p>\n\n\n\n<h2 class=\"wp-block-heading\">Des nouveaut\u00e9s pour r\u00e9pondre aux besoins des \u00e9tablissements m\u00e9dico\u2011sociaux et des ESAT<\/h2>\n\n\n\n<p>Afin d\u2019accompagner les \u00e9volutions des pratiques et les besoins exprim\u00e9s par les \u00e9quipes, nous avons d\u00e9velopp\u00e9 plusieurs nouvelles formations sp\u00e9cifiquement destin\u00e9es aux salari\u00e9s, encadrants et ouvriers d\u2019ESAT :<\/p>\n\n\n\n<ul class=\"wp-block-list\">\n<li><strong>\u00catre r\u00e9f\u00e9rent pour l\u2019Activit\u00e9 Physique et Sportive (APS) au sein d\u2019un \u00e9tablissement m\u00e9dico-social<\/strong> : un r\u00f4le cl\u00e9 pour promouvoir l\u2019activit\u00e9 physique adapt\u00e9e au sein des \u00e9tablissements m\u00e9dico\u2011sociaux.<\/li>\n\n\n\n<li><strong>\u00catre tuteur au sein de mon ESAT<\/strong> : accompagner efficacement l\u2019int\u00e9gration des nouveaux travailleurs.<\/li>\n\n\n\n<li><strong>Rep\u00e9rer, comprendre et g\u00e9rer une situation de violence (ouvriers ESAT)<\/strong> : comprendre, rep\u00e9rer et r\u00e9agir de mani\u00e8re s\u00e9curis\u00e9e.<\/li>\n\n\n\n<li><strong>Mise en place d&rsquo;une d\u00e9marche RPS<\/strong> : sensibiliser et structurer la pr\u00e9vention des risques psychosociaux.<\/li>\n<\/ul>\n\n\n\n<h2 class=\"wp-block-heading\">Des partenariats renforc\u00e9s pour des formations toujours plus adapt\u00e9es<\/h2>\n\n\n\n<p>Nous avons le plaisir de poursuivre et d\u00e9velopper nos collaborations avec :<\/p>\n\n\n\n<ul class=\"wp-block-list\">\n<li><strong>Infopsy<\/strong>,<\/li>\n\n\n\n<li><strong>l\u2019ONF<\/strong>,<\/li>\n\n\n\n<li><strong>Intimagir<\/strong>.<\/li>\n<\/ul>\n\n\n\n<p>Ces partenariats nous permettent de proposer des formations innovantes, ancr\u00e9es dans l\u2019expertise de terrain, et adapt\u00e9es \u00e0 la diversit\u00e9 des besoins des professionnels comme des travailleurs.<\/p>\n\n\n\n<h2 class=\"wp-block-heading\">Un catalogue pens\u00e9 pour accompagner les pratiques<\/h2>\n\n\n\n<p>Ce nouveau catalogue 2026 s\u2019inscrit dans la continuit\u00e9 de notre mission : accompagner les \u00e9tablissements, soutenir les \u00e9quipes et favoriser la mont\u00e9e en comp\u00e9tences de tous les professionnels du secteur m\u00e9dico-social.<\/p>\n\n\n\n<div class=\"wp-block-buttons is-layout-flex wp-block-buttons-is-layout-flex\">\n<div class=\"wp-block-button\"><a class=\"wp-block-button__link has-black-color has-text-color has-background has-link-color wp-element-button\" href=\"http:\/\/www.adapei64.fr\/site\/cfr\/wp-content\/uploads\/sites\/2\/2026\/04\/CFR-AdapeiPA-Catalogue-Formations-2026.pdf\" style=\"background-color:#b6c125\" target=\"_blank\" rel=\"noreferrer noopener\">T\u00e9l\u00e9chargez le catalogue de formations 2026<\/a><\/div>\n\n\n\n<div class=\"wp-block-button\"><a class=\"wp-block-button__link has-black-color has-text-color has-background has-link-color wp-element-button\" href=\"https:\/\/www.adapei64.fr\/site\/cfr\/formation\/\" style=\"background-color:#b6c125\">Consultez nos formation en ligne<\/a><\/div>\n<\/div>\n\n\n\n<p>N\u2019h\u00e9sitez pas \u00e0 contacter notre \u00e9quipe pour toute demande d\u2019information ou d\u2019inscription.<\/p>\n\n\n\n<p><\/p>\n","protected":false},"excerpt":{"rendered":"<p>Le Centre de Formation et de Recherche est heureux d\u2019annoncer la parution de son nouveau catalogue de formation 2026. Cette ann\u00e9e encore, nous renfor\u00e7ons notre engagement aupr\u00e8s des professionnels, des \u00e9quipes et des travailleurs d\u2019ESAT en proposant des contenus actualis\u00e9s, ancr\u00e9s dans les r\u00e9alit\u00e9s du terrain et construits avec nos partenaires historiques. Des nouveaut\u00e9s pour [&hellip;]<\/p>\n","protected":false},"author":1,"featured_media":3503,"comment_status":"closed","ping_status":"open","sticky":false,"template":"","format":"standard","meta":{"_acf_changed":false,"footnotes":""},"categories":[6,4],"tags":[],"class_list":["post-3505","post","type-post","status-publish","format-standard","has-post-thumbnail","hentry","category-actualites","category-nouvelles-formations"],"acf":[],"distributor_meta":false,"distributor_terms":false,"distributor_media":false,"distributor_original_site_name":"Centre de Formation et de Recherche","distributor_original_site_url":"https:\/\/www.adapei64.fr\/site\/cfr","push-errors":false,"_links":{"self":[{"href":"https:\/\/www.adapei64.fr\/site\/cfr\/wp-json\/wp\/v2\/posts\/3505","targetHints":{"allow":["GET"]}}],"collection":[{"href":"https:\/\/www.adapei64.fr\/site\/cfr\/wp-json\/wp\/v2\/posts"}],"about":[{"href":"https:\/\/www.adapei64.fr\/site\/cfr\/wp-json\/wp\/v2\/types\/post"}],"author":[{"embeddable":true,"href":"https:\/\/www.adapei64.fr\/site\/cfr\/wp-json\/wp\/v2\/users\/1"}],"replies":[{"embeddable":true,"href":"https:\/\/www.adapei64.fr\/site\/cfr\/wp-json\/wp\/v2\/comments?post=3505"}],"version-history":[{"count":4,"href":"https:\/\/www.adapei64.fr\/site\/cfr\/wp-json\/wp\/v2\/posts\/3505\/revisions"}],"predecessor-version":[{"id":3559,"href":"https:\/\/www.adapei64.fr\/site\/cfr\/wp-json\/wp\/v2\/posts\/3505\/revisions\/3559"}],"wp:featuredmedia":[{"embeddable":true,"href":"https:\/\/www.adapei64.fr\/site\/cfr\/wp-json\/wp\/v2\/media\/3503"}],"wp:attachment":[{"href":"https:\/\/www.adapei64.fr\/site\/cfr\/wp-json\/wp\/v2\/media?parent=3505"}],"wp:term":[{"taxonomy":"category","embeddable":true,"href":"https:\/\/www.adapei64.fr\/site\/cfr\/wp-json\/wp\/v2\/categories?post=3505"},{"taxonomy":"post_tag","embeddable":true,"href":"https:\/\/www.adapei64.fr\/site\/cfr\/wp-json\/wp\/v2\/tags?post=3505"}],"curies":[{"name":"wp","href":"https:\/\/api.w.org\/{rel}","templated":true}]}}