{"id":11864,"date":"2023-04-11T14:34:04","date_gmt":"2023-04-11T12:34:04","guid":{"rendered":"https:\/\/www.adapei64.fr\/site\/?p=11864"},"modified":"2023-04-11T14:34:04","modified_gmt":"2023-04-11T12:34:04","slug":"le-dispositif-passerelle-a-20-ans","status":"publish","type":"post","link":"https:\/\/www.adapei64.fr\/site\/le-dispositif-passerelle-a-20-ans\/","title":{"rendered":"Le dispositif Passerelle a 20 ans !"},"content":{"rendered":"<div class=\"wp-block-image\"><\/div>\n<div class=\"wp-block-image\"><img loading=\"lazy\" decoding=\"async\" class=\"alignnone size-full wp-image-11868\" src=\"https:\/\/www.adapei64.fr\/site\/wp-content\/uploads\/2023\/04\/20-ANS-PASSERELLE-PWP-BILAN.png\" alt=\"\" width=\"996\" height=\"490\" srcset=\"https:\/\/www.adapei64.fr\/site\/wp-content\/uploads\/2023\/04\/20-ANS-PASSERELLE-PWP-BILAN.png 996w, https:\/\/www.adapei64.fr\/site\/wp-content\/uploads\/2023\/04\/20-ANS-PASSERELLE-PWP-BILAN-768x378.png 768w\" sizes=\"auto, (max-width: 996px) 100vw, 996px\" \/><\/div>\n<div class=\"wp-block-image\"><img loading=\"lazy\" decoding=\"async\" class=\"alignnone size-medium wp-image-11867\" src=\"https:\/\/www.adapei64.fr\/site\/wp-content\/uploads\/2023\/04\/20-ANS-PASSERELLE-2023-GROUPE-1000x390.png\" alt=\"\" width=\"1000\" height=\"390\" srcset=\"https:\/\/www.adapei64.fr\/site\/wp-content\/uploads\/2023\/04\/20-ANS-PASSERELLE-2023-GROUPE-1000x390.png 1000w, https:\/\/www.adapei64.fr\/site\/wp-content\/uploads\/2023\/04\/20-ANS-PASSERELLE-2023-GROUPE-768x300.png 768w, https:\/\/www.adapei64.fr\/site\/wp-content\/uploads\/2023\/04\/20-ANS-PASSERELLE-2023-GROUPE.png 1002w\" sizes=\"auto, (max-width: 1000px) 100vw, 1000px\" \/><\/div>\n<p>2003\u00a0: naissance du dispositif Passerelle avec la volont\u00e9 de rapprocher les secteurs et les acteurs sanitaires et m\u00e9dico-sociaux. Les signataires de la premi\u00e8re convention cadre \u00e9taient alors le Centre Hospitalier des Pyr\u00e9n\u00e9es, les ESAT et le SIFA (coordination du dispositif) de l\u2019Adapei des Pyr\u00e9n\u00e9es-Atlantiques, l\u2019ESAT Jean Gen\u00e8ze des PEP 64 et l\u2019ESAT de l\u2019Ensoleillade. L\u2019Association l\u2019Adiaph, au travers de l\u2019ESAT les Ateliers de Bidos, a rejoint le dispositif en 2021.<\/p>\n<p>Depuis sa cr\u00e9ation, l\u2019objectif de ce dispositif est de faciliter l\u2019insertion ou la r\u00e9insertion professionnelle de personnes pr\u00e9sentant des troubles psychiques en leur permettant de travailler \u00e0 temps partiel en ESAT, tout en poursuivant l\u2019accompagnement th\u00e9rapeutique propos\u00e9 par le CHP.<\/p>\n<p>En premier lieu, les patients du CHP sont accompagn\u00e9s dans la construction de leur projet professionnel par les services de r\u00e9habilitation de l\u2019h\u00f4pital. Ils d\u00e9couvrent ensuite le milieu prot\u00e9g\u00e9 via des stages qui permettent de valider l\u2019orientation avant de candidater pour Passerelle. Le feu vert est finalement donn\u00e9 par la MDPH via une notification d\u2019orientation ESAT sp\u00e9cifique, \u00ab\u00a0 dispositif passerelle\u00a0\u00bb, pour une p\u00e9riode de 2 ans. Durant cette p\u00e9riode, des bilans mensuels sont organis\u00e9s en pr\u00e9sence de l\u2019\u00e9quipe de l\u2019ESAT et de l\u2019\u00e9quipe soignante afin d\u2019\u00e9valuer la situation du travailleur et ainsi pouvoir r\u00e9ajuster les propositions qui lui sont faites en fonction de ses besoins.<\/p>\n<p>Depuis 2003, une centaine de patients du CHP ont pu b\u00e9n\u00e9ficier de ce dispositif. Il a permis \u00e0 certains de requestionner leur projet professionnel, \u00e0 d\u2019autres de le valider et d\u2019acc\u00e9der durablement \u00e0 une activit\u00e9 professionnelle en ESAT. Certains ont pu envisager un retour en milieu ordinaire de travail.<\/p>\n<p>Ces belles r\u00e9ussites incitent les diff\u00e9rents acteurs \u00e0 poursuivre le travail de promotion et de d\u00e9veloppement de ce dispositif pour qu\u2019il puisse b\u00e9n\u00e9ficier \u00e0 d\u2019autres personnes et pourquoi pas sur de nouveaux territoires\u00a0!<\/p>\n<p>&nbsp;<\/p>\n","protected":false},"excerpt":{"rendered":"<p>2003\u00a0: naissance du dispositif Passerelle avec la volont\u00e9 de rapprocher les secteurs et les acteurs sanitaires et m\u00e9dico-sociaux. Les signataires de la premi\u00e8re convention cadre \u00e9taient alors le Centre Hospitalier&hellip; <a class=\"continue\" href=\"https:\/\/www.adapei64.fr\/site\/le-dispositif-passerelle-a-20-ans\/\">Lire :<span> Le dispositif Passerelle a 20 ans !<\/span><\/a><\/p>\n","protected":false},"author":102,"featured_media":11868,"comment_status":"closed","ping_status":"closed","sticky":false,"template":"","format":"standard","meta":{"_crdt_document":"","om_disable_all_campaigns":false,"_uag_custom_page_level_css":"","_monsterinsights_skip_tracking":false,"_monsterinsights_sitenote_active":false,"_monsterinsights_sitenote_note":"","_monsterinsights_sitenote_category":0,"_uf_show_specific_survey":0,"_uf_disable_surveys":false,"_EventAllDay":false,"_EventTimezone":"","_EventStartDate":"","_EventEndDate":"","_EventStartDateUTC":"","_EventEndDateUTC":"","_EventShowMap":false,"_EventShowMapLink":false,"_EventURL":"","_EventCost":"","_EventCostDescription":"","_EventCurrencySymbol":"","_EventCurrencyCode":"","_EventCurrencyPosition":"","_EventDateTimeSeparator":"","_EventTimeRangeSeparator":"","_EventOrganizerID":[],"_EventVenueID":[],"_OrganizerEmail":"","_OrganizerPhone":"","_OrganizerWebsite":"","_VenueAddress":"","_VenueCity":"","_VenueCountry":"","_VenueProvince":"","_VenueState":"","_VenueZip":"","_VenuePhone":"","_VenueURL":"","_VenueStateProvince":"","_VenueLat":"","_VenueLng":"","_VenueShowMap":false,"_VenueShowMapLink":false,"footnotes":""},"categories":[16],"tags":[],"class_list":["post-11864","post","type-post","status-publish","format-standard","has-post-thumbnail","hentry","category-actualites"],"uagb_featured_image_src":{"full":["https:\/\/www.adapei64.fr\/site\/wp-content\/uploads\/2023\/04\/20-ANS-PASSERELLE-PWP-BILAN.png",996,490,false],"thumbnail":["https:\/\/www.adapei64.fr\/site\/wp-content\/uploads\/2023\/04\/20-ANS-PASSERELLE-PWP-BILAN-600x490.png",600,490,true],"medium":["https:\/\/www.adapei64.fr\/site\/wp-content\/uploads\/2023\/04\/20-ANS-PASSERELLE-PWP-BILAN.png",996,490,false],"medium_large":["https:\/\/www.adapei64.fr\/site\/wp-content\/uploads\/2023\/04\/20-ANS-PASSERELLE-PWP-BILAN-768x378.png",768,378,true],"large":["https:\/\/www.adapei64.fr\/site\/wp-content\/uploads\/2023\/04\/20-ANS-PASSERELLE-PWP-BILAN.png",996,490,false],"1536x1536":["https:\/\/www.adapei64.fr\/site\/wp-content\/uploads\/2023\/04\/20-ANS-PASSERELLE-PWP-BILAN.png",996,490,false],"2048x2048":["https:\/\/www.adapei64.fr\/site\/wp-content\/uploads\/2023\/04\/20-ANS-PASSERELLE-PWP-BILAN.png",996,490,false]},"uagb_author_info":{"display_name":"aaml","author_link":"https:\/\/www.adapei64.fr\/site\/author\/aaml\/"},"uagb_comment_info":0,"uagb_excerpt":"2003\u00a0: naissance du dispositif Passerelle avec la volont\u00e9 de rapprocher les secteurs et les acteurs sanitaires et m\u00e9dico-sociaux. Les signataires de la premi\u00e8re convention cadre \u00e9taient alors le Centre Hospitalier&hellip; Lire : Le dispositif Passerelle a 20 ans !","distributor_meta":false,"distributor_terms":false,"distributor_media":false,"distributor_original_site_name":"Adapei des Pyr\u00e9n\u00e9es-Atlantiques","distributor_original_site_url":"https:\/\/www.adapei64.fr\/site","push-errors":false,"_links":{"self":[{"href":"https:\/\/www.adapei64.fr\/site\/wp-json\/wp\/v2\/posts\/11864","targetHints":{"allow":["GET"]}}],"collection":[{"href":"https:\/\/www.adapei64.fr\/site\/wp-json\/wp\/v2\/posts"}],"about":[{"href":"https:\/\/www.adapei64.fr\/site\/wp-json\/wp\/v2\/types\/post"}],"author":[{"embeddable":true,"href":"https:\/\/www.adapei64.fr\/site\/wp-json\/wp\/v2\/users\/102"}],"replies":[{"embeddable":true,"href":"https:\/\/www.adapei64.fr\/site\/wp-json\/wp\/v2\/comments?post=11864"}],"version-history":[{"count":1,"href":"https:\/\/www.adapei64.fr\/site\/wp-json\/wp\/v2\/posts\/11864\/revisions"}],"predecessor-version":[{"id":11869,"href":"https:\/\/www.adapei64.fr\/site\/wp-json\/wp\/v2\/posts\/11864\/revisions\/11869"}],"wp:featuredmedia":[{"embeddable":true,"href":"https:\/\/www.adapei64.fr\/site\/wp-json\/wp\/v2\/media\/11868"}],"wp:attachment":[{"href":"https:\/\/www.adapei64.fr\/site\/wp-json\/wp\/v2\/media?parent=11864"}],"wp:term":[{"taxonomy":"category","embeddable":true,"href":"https:\/\/www.adapei64.fr\/site\/wp-json\/wp\/v2\/categories?post=11864"},{"taxonomy":"post_tag","embeddable":true,"href":"https:\/\/www.adapei64.fr\/site\/wp-json\/wp\/v2\/tags?post=11864"}],"curies":[{"name":"wp","href":"https:\/\/api.w.org\/{rel}","templated":true}]}}