{"id":22032,"date":"2026-08-31T09:54:58","date_gmt":"2026-08-31T07:54:58","guid":{"rendered":"https:\/\/www.adapei64.fr\/site\/?p=22032"},"modified":"2026-08-31T09:54:59","modified_gmt":"2026-08-31T07:54:59","slug":"1-mois-1-bonne-pratique-favoriser-le-lien-social-et-lengagement-citoyen-deux-partenariats-au-service-de-linclusion","status":"publish","type":"post","link":"https:\/\/www.adapei64.fr\/site\/1-mois-1-bonne-pratique-favoriser-le-lien-social-et-lengagement-citoyen-deux-partenariats-au-service-de-linclusion\/","title":{"rendered":"1 mois, 1 bonne pratique  : Favoriser le lien social et l\u2019engagement citoyen : deux partenariats au service de l\u2019inclusion"},"content":{"rendered":"\n<p class=\"wp-block-paragraph\">Dans le cadre de sa d\u00e9marche de responsabilit\u00e9 soci\u00e9tale, le SESIPS d\u00e9veloppe des actions concr\u00e8tes favorisant l&#8217;inclusion, la solidarit\u00e9 et la participation citoyenne des jeunes accompagn\u00e9s. \u00c0 travers des partenariats durables avec l&#8217;EHPAD Nouste Sourreilh et la Croix-Rouge, les jeunes s&#8217;impliquent dans des projets porteurs de sens qui contribuent \u00e0 leur \u00e9panouissement tout en r\u00e9pondant \u00e0 des besoins sociaux identifi\u00e9s.<\/p>\n\n\n\n<h3 class=\"wp-block-heading\"><strong>Un projet interg\u00e9n\u00e9rationnel riche en \u00e9changes avec l&#8217;EHPAD Nouste Sourreilh<\/strong><\/h3>\n\n\n\n<p class=\"wp-block-paragraph\">Partant du constat que la solidarit\u00e9 interg\u00e9n\u00e9rationnelle permet de r\u00e9duire l&#8217;isolement des personnes \u00e2g\u00e9es tout en valorisant les comp\u00e9tences et les savoirs de chacun, le SESIPS a mis en place un partenariat avec l&#8217;<a href=\"https:\/\/www.pour-les-personnes-agees.gouv.fr\/annuaire-ehpad-et-maisons-de-retraite\/ehpad\/pyrenees-atlantiques-64\/pau-64000\/ehpad-residence-nouste-soureilh\/640785663\">EHPAD Nouste Sourreilh<\/a>. Cette initiative s&#8217;inscrit pleinement dans les objectifs \u00e9ducatifs du projet qui vise \u00e0 favoriser le respect de l&#8217;autre, l&#8217;ouverture sociale, la communication et le vivre-ensemble.<\/p>\n\n\n\n<div class=\"wp-block-uagb-image alignright uagb-block-7673771d wp-block-uagb-image--layout-default wp-block-uagb-image--effect-static wp-block-uagb-image--align-right\"><figure class=\"wp-block-uagb-image__figure\"><img decoding=\"async\" src=\"https:\/\/www.adapei64.fr\/site\/wp-content\/uploads\/2026\/08\/IMG_7456-1875x2500-1.jpeg\" alt=\"\" class=\"uag-image-22033\" width=\"340\" height=\"454\" title=\"IMG_7456\" loading=\"lazy\" role=\"img\" \/><\/figure><\/div>\n\n\n\n<p class=\"wp-block-paragraph\">Deux fois par mois, les jeunes et les r\u00e9sidents se retrouvent alternativement \u00e0 l&#8217;EHPAD ou au SESIPS pour partager des moments de convivialit\u00e9 autour d&#8217;activit\u00e9s vari\u00e9es.<\/p>\n\n\n\n<p class=\"wp-block-paragraph\">Parmi les ateliers d\u00e9j\u00e0 r\u00e9alis\u00e9s :<\/p>\n\n\n\n<ul class=\"wp-block-list\">\n<li>Soins des mains destin\u00e9s aux r\u00e9sidents ;<\/li>\n\n\n\n<li>\u00c9changes autour des m\u00e9tiers d&#8217;hier et de demain lors de l&#8217;atelier \u00ab Parle-moi de ton m\u00e9tier \u00bb ;<\/li>\n\n\n\n<li>Cr\u00e9ation et animation d&#8217;un quiz par les jeunes, \u00e9labor\u00e9 \u00e0 partir des centres d&#8217;int\u00e9r\u00eat des personnes \u00e2g\u00e9es ;<\/li>\n\n\n\n<li>Marche au Domaine de Sers, favorisant l&#8217;adaptation au rythme et aux capacit\u00e9s de chacun.<\/li>\n<\/ul>\n\n\n\n<p class=\"wp-block-paragraph\">Ces rencontres constituent de v\u00e9ritables espaces de transmission et d&#8217;enrichissement mutuel. Les jeunes d\u00e9couvrent l&#8217;histoire, les exp\u00e9riences et les parcours de vie des a\u00een\u00e9s, tandis que les r\u00e9sidents appr\u00e9cient ces \u00e9changes interg\u00e9n\u00e9rationnels qui rompent l&#8217;isolement. Pour beaucoup de jeunes, il s&#8217;agit de la premi\u00e8re exp\u00e9rience r\u00e9guli\u00e8re de rencontre avec des personnes \u00e2g\u00e9es.<\/p>\n\n\n\n<p class=\"wp-block-paragraph\">Malgr\u00e9 quelques appr\u00e9hensions lors des premi\u00e8res rencontres, les jeunes t\u00e9moignent aujourd&#8217;hui du plaisir qu&#8217;ils prennent \u00e0 partager ces moments avec les r\u00e9sidents. Les liens cr\u00e9\u00e9s au fil des \u00e9changes illustrent parfaitement les b\u00e9n\u00e9fices de cette d\u00e9marche fond\u00e9e sur le respect, la solidarit\u00e9 et l&#8217;apprentissage r\u00e9ciproque.<\/p>\n\n\n\n<p class=\"wp-block-paragraph\">D&#8217;autres activit\u00e9s sont d\u00e9j\u00e0 programm\u00e9es afin de poursuivre cette dynamique : jeux de soci\u00e9t\u00e9, loto, cin\u00e9-d\u00e9bat, soins du visage, ateliers cr\u00e9atifs.<\/p>\n\n\n\n<h3 class=\"wp-block-heading\"><strong>Des actions porteuses de sens<\/strong><\/h3>\n\n\n\n<p class=\"wp-block-paragraph\">Au-del\u00e0 des comp\u00e9tences techniques et sociales d\u00e9velopp\u00e9es, ce partenariat permet aux jeunes de renforcer leur confiance en eux, leur autonomie et leur capacit\u00e9 \u00e0 agir pour les autres. Ils apprennent \u00e0 travailler en \u00e9quipe, \u00e0 s&#8217;adapter \u00e0 diff\u00e9rents publics et \u00e0 contribuer activement \u00e0 la vie de leur territoire.<\/p>\n\n\n\n<p class=\"wp-block-paragraph\">\u00c0 travers ces initiatives, le SESIPS r\u00e9affirme son engagement en faveur d&#8217;une soci\u00e9t\u00e9 plus inclusive, solidaire et responsable, o\u00f9 chacun peut trouver sa place, d\u00e9velopper ses comp\u00e9tences et contribuer au bien commun.<\/p>\n","protected":false},"excerpt":{"rendered":"<p>Dans le cadre de sa d\u00e9marche de responsabilit\u00e9 soci\u00e9tale, le SESIPS d\u00e9veloppe des actions concr\u00e8tes favorisant l&#8217;inclusion, la solidarit\u00e9 et la participation citoyenne des jeunes accompagn\u00e9s. \u00c0 travers des partenariats&hellip; <a class=\"continue\" href=\"https:\/\/www.adapei64.fr\/site\/1-mois-1-bonne-pratique-favoriser-le-lien-social-et-lengagement-citoyen-deux-partenariats-au-service-de-linclusion\/\">Lire :<span> 1 mois, 1 bonne pratique  : Favoriser le lien social et l\u2019engagement citoyen : deux partenariats au service de l\u2019inclusion<\/span><\/a><\/p>\n","protected":false},"author":523,"featured_media":22035,"comment_status":"closed","ping_status":"closed","sticky":false,"template":"","format":"standard","meta":{"om_disable_all_campaigns":false,"_uag_custom_page_level_css":"","_monsterinsights_skip_tracking":false,"_uf_show_specific_survey":0,"_uf_disable_surveys":false,"_EventAllDay":false,"_EventTimezone":"","_EventStartDate":"","_EventEndDate":"","_EventStartDateUTC":"","_EventEndDateUTC":"","_EventShowMap":false,"_EventShowMapLink":false,"_EventURL":"","_EventCost":"","_EventCostDescription":"","_EventCurrencySymbol":"","_EventCurrencyCode":"","_EventCurrencyPosition":"","_EventDateTimeSeparator":"","_EventTimeRangeSeparator":"","_EventOrganizerID":[],"_EventVenueID":[],"_OrganizerEmail":"","_OrganizerPhone":"","_OrganizerWebsite":"","_VenueAddress":"","_VenueCity":"","_VenueCountry":"","_VenueProvince":"","_VenueState":"","_VenueZip":"","_VenuePhone":"","_VenueURL":"","_VenueStateProvince":"","_VenueLat":"","_VenueLng":"","_VenueShowMap":false,"_VenueShowMapLink":false,"footnotes":""},"categories":[309,16],"tags":[],"class_list":["post-22032","post","type-post","status-publish","format-standard","has-post-thumbnail","hentry","category-rso","category-actualites"],"uagb_featured_image_src":{"full":["https:\/\/www.adapei64.fr\/site\/wp-content\/uploads\/2026\/08\/IMG_7223-scaled-e1787814226213.jpeg",1860,1390,false],"thumbnail":["https:\/\/www.adapei64.fr\/site\/wp-content\/uploads\/2026\/08\/IMG_7223-scaled-e1787814226213-600x600.jpeg",600,600,true],"medium":["https:\/\/www.adapei64.fr\/site\/wp-content\/uploads\/2026\/08\/IMG_7223-scaled-e1787814226213-1000x747.jpeg",1000,747,true],"medium_large":["https:\/\/www.adapei64.fr\/site\/wp-content\/uploads\/2026\/08\/IMG_7223-scaled-e1787814226213-768x574.jpeg",768,574,true],"large":["https:\/\/www.adapei64.fr\/site\/wp-content\/uploads\/2026\/08\/IMG_7223-1875x2500.jpeg",1875,2500,true],"1536x1536":["https:\/\/www.adapei64.fr\/site\/wp-content\/uploads\/2026\/08\/IMG_7223-scaled-e1787814226213-1536x1148.jpeg",1536,1148,true],"2048x2048":["https:\/\/www.adapei64.fr\/site\/wp-content\/uploads\/2026\/08\/IMG_7223-1536x2048.jpeg",1536,2048,true]},"uagb_author_info":{"display_name":"pnoirot","author_link":"https:\/\/www.adapei64.fr\/site\/author\/pnoirot\/"},"uagb_comment_info":0,"uagb_excerpt":"Dans le cadre de sa d\u00e9marche de responsabilit\u00e9 soci\u00e9tale, le SESIPS d\u00e9veloppe des actions concr\u00e8tes favorisant l&#8217;inclusion, la solidarit\u00e9 et la participation citoyenne des jeunes accompagn\u00e9s. \u00c0 travers des partenariats&hellip; Lire : 1 mois, 1 bonne pratique : Favoriser le lien social et l\u2019engagement citoyen : deux partenariats au service de l\u2019inclusion","distributor_meta":false,"distributor_terms":false,"distributor_media":false,"distributor_original_site_name":"Adapei des Pyr\u00e9n\u00e9es-Atlantiques","distributor_original_site_url":"https:\/\/www.adapei64.fr\/site","push-errors":false,"_links":{"self":[{"href":"https:\/\/www.adapei64.fr\/site\/wp-json\/wp\/v2\/posts\/22032","targetHints":{"allow":["GET"]}}],"collection":[{"href":"https:\/\/www.adapei64.fr\/site\/wp-json\/wp\/v2\/posts"}],"about":[{"href":"https:\/\/www.adapei64.fr\/site\/wp-json\/wp\/v2\/types\/post"}],"author":[{"embeddable":true,"href":"https:\/\/www.adapei64.fr\/site\/wp-json\/wp\/v2\/users\/523"}],"replies":[{"embeddable":true,"href":"https:\/\/www.adapei64.fr\/site\/wp-json\/wp\/v2\/comments?post=22032"}],"version-history":[{"count":3,"href":"https:\/\/www.adapei64.fr\/site\/wp-json\/wp\/v2\/posts\/22032\/revisions"}],"predecessor-version":[{"id":22064,"href":"https:\/\/www.adapei64.fr\/site\/wp-json\/wp\/v2\/posts\/22032\/revisions\/22064"}],"wp:featuredmedia":[{"embeddable":true,"href":"https:\/\/www.adapei64.fr\/site\/wp-json\/wp\/v2\/media\/22035"}],"wp:attachment":[{"href":"https:\/\/www.adapei64.fr\/site\/wp-json\/wp\/v2\/media?parent=22032"}],"wp:term":[{"taxonomy":"category","embeddable":true,"href":"https:\/\/www.adapei64.fr\/site\/wp-json\/wp\/v2\/categories?post=22032"},{"taxonomy":"post_tag","embeddable":true,"href":"https:\/\/www.adapei64.fr\/site\/wp-json\/wp\/v2\/tags?post=22032"}],"curies":[{"name":"wp","href":"https:\/\/api.w.org\/{rel}","templated":true}]}}