{"id":22641,"date":"2026-09-03T10:01:47","date_gmt":"2026-09-03T08:01:47","guid":{"rendered":"https:\/\/www.adapei64.fr\/site\/?p=22641"},"modified":"2026-09-03T10:01:48","modified_gmt":"2026-09-03T08:01:48","slug":"retrouvez-les-produits-du-chateau-despiute-au-marche-de-mourenx","status":"publish","type":"post","link":"https:\/\/www.adapei64.fr\/site\/retrouvez-les-produits-du-chateau-despiute-au-marche-de-mourenx\/","title":{"rendered":"Retrouvez les produits du Ch\u00e2teau d&#8217;Espiute au march\u00e9 de Mourenx"},"content":{"rendered":"\n<p class=\"wp-block-paragraph\">\u00c0 partir de mercredi, retrouvez les produits du Ch\u00e2teau d&#8217;Espiute chaque mercredi matin au march\u00e9 de Mourenx ! <\/p>\n\n\n\n<p class=\"wp-block-paragraph\">Nous sommes tr\u00e8s heureux de vous annoncer ce nouveau march\u00e9 o\u00f9 vous pourrez d\u00e9sormais retrouver notre boutique mobile, avec une s\u00e9lection de nos produits :<\/p>\n\n\n\n<p class=\"wp-block-paragraph\"><img loading=\"lazy\" decoding=\"async\" height=\"16\" width=\"16\" src=\"https:\/\/static.xx.fbcdn.net\/images\/emoji.php\/v9\/tef\/1\/16\/1f414.png\" alt=\"\ud83d\udc14\"> Poulets<br><img loading=\"lazy\" decoding=\"async\" height=\"16\" width=\"16\" src=\"https:\/\/static.xx.fbcdn.net\/images\/emoji.php\/v9\/t5d\/1\/16\/1f95a.png\" alt=\"\ud83e\udd5a\"> \u0152ufs<br><img loading=\"lazy\" decoding=\"async\" height=\"16\" width=\"16\" src=\"https:\/\/static.xx.fbcdn.net\/images\/emoji.php\/v9\/t31\/1\/16\/1f955.png\" alt=\"\ud83e\udd55\"> L\u00e9gumes bio<br><img loading=\"lazy\" decoding=\"async\" height=\"16\" width=\"16\" src=\"https:\/\/static.xx.fbcdn.net\/images\/emoji.php\/v9\/t8e\/1\/16\/1fad9.png\" alt=\"\ud83e\uded9\"> Conserves de l\u2019ESAT<\/p>\n\n\n\n<p class=\"wp-block-paragraph\">L\u2019occasion de venir faire vos courses, d\u00e9couvrir nos produits et surtout \u00e9changer avec nous directement sur le march\u00e9.<\/p>\n\n\n\n<p class=\"wp-block-paragraph\"><img loading=\"lazy\" decoding=\"async\" height=\"16\" width=\"16\" src=\"https:\/\/static.xx.fbcdn.net\/images\/emoji.php\/v9\/t2d\/1\/16\/1f4cd.png\" alt=\"\ud83d\udccd\"> March\u00e9 de Mourenx \u2013 Place du B\u00e9arn, centre-ville<br><img loading=\"lazy\" decoding=\"async\" height=\"16\" width=\"16\" src=\"https:\/\/static.xx.fbcdn.net\/images\/emoji.php\/v9\/t7e\/1\/16\/1f4c5.png\" alt=\"\ud83d\udcc5\"> Tous les mercredis matin<br><img loading=\"lazy\" decoding=\"async\" height=\"16\" width=\"16\" src=\"https:\/\/static.xx.fbcdn.net\/images\/emoji.php\/v9\/t2f\/1\/16\/1f557.png\" alt=\"\ud83d\udd57\"> De 8h \u00e0 13h<\/p>\n\n\n\n<p class=\"wp-block-paragraph\">Nous avons h\u00e2te de vous retrouver \u00e0 Mourenx et de partager avec vous nos produits locaux et notre savoir-faire. <\/p>\n\n\n\n<figure data-wp-context=\"{&quot;galleryId&quot;:&quot;6a9954c7a1909&quot;}\" data-wp-interactive=\"core\/gallery\" class=\"wp-block-gallery has-nested-images columns-default is-cropped wp-block-gallery-2 is-layout-flex wp-block-gallery-is-layout-flex\">\n<figure data-wp-context=\"{&quot;imageId&quot;:&quot;6a9954c7a2001&quot;}\" data-wp-interactive=\"core\/image\" data-wp-key=\"6a9954c7a2001\" class=\"wp-block-image size-large wp-lightbox-container\"><img loading=\"lazy\" decoding=\"async\" width=\"1536\" height=\"2048\" data-wp-class--hide=\"state.isContentHidden\" data-wp-class--show=\"state.isContentVisible\" data-wp-init=\"callbacks.setButtonStyles\" data-wp-on--click=\"actions.showLightbox\" data-wp-on--load=\"callbacks.setButtonStyles\" data-wp-on--pointerdown=\"actions.preloadImage\" data-wp-on--pointerenter=\"actions.preloadImageWithDelay\" data-wp-on--pointerleave=\"actions.cancelPreload\" data-wp-on-window--resize=\"callbacks.setButtonStyles\" data-id=\"22642\" src=\"https:\/\/www.adapei64.fr\/site\/wp-content\/uploads\/2026\/09\/EspiuteMourenx.jpg\" alt=\"Le stand du Ch\u00e2teau d'Espiute au march\u00e9 de Mourenx\" class=\"wp-image-22642\" srcset=\"https:\/\/www.adapei64.fr\/site\/wp-content\/uploads\/2026\/09\/EspiuteMourenx.jpg 1536w, https:\/\/www.adapei64.fr\/site\/wp-content\/uploads\/2026\/09\/EspiuteMourenx-750x1000.jpg 750w, https:\/\/www.adapei64.fr\/site\/wp-content\/uploads\/2026\/09\/EspiuteMourenx-768x1024.jpg 768w, https:\/\/www.adapei64.fr\/site\/wp-content\/uploads\/2026\/09\/EspiuteMourenx-1152x1536.jpg 1152w\" sizes=\"auto, (max-width: 1536px) 100vw, 1536px\" \/><button\n\t\t\tclass=\"lightbox-trigger\"\n\t\t\ttype=\"button\"\n\t\t\taria-haspopup=\"dialog\"\n\t\t\tdata-wp-bind--aria-label=\"state.thisImage.triggerButtonAriaLabel\"\n\t\t\tdata-wp-init=\"callbacks.initTriggerButton\"\n\t\t\tdata-wp-on--click=\"actions.showLightbox\"\n\t\t\tdata-wp-style--right=\"state.thisImage.buttonRight\"\n\t\t\tdata-wp-style--top=\"state.thisImage.buttonTop\"\n\t\t>\n\t\t\t<svg xmlns=\"http:\/\/www.w3.org\/2000\/svg\" width=\"12\" height=\"12\" fill=\"none\" viewBox=\"0 0 12 12\">\n\t\t\t\t<path fill=\"#fff\" d=\"M2 0a2 2 0 0 0-2 2v2h1.5V2a.5.5 0 0 1 .5-.5h2V0H2Zm2 10.5H2a.5.5 0 0 1-.5-.5V8H0v2a2 2 0 0 0 2 2h2v-1.5ZM8 12v-1.5h2a.5.5 0 0 0 .5-.5V8H12v2a2 2 0 0 1-2 2H8Zm2-12a2 2 0 0 1 2 2v2h-1.5V2a.5.5 0 0 0-.5-.5H8V0h2Z\" \/>\n\t\t\t<\/svg>\n\t\t<\/button><\/figure>\n\n\n\n<figure class=\"wp-block-image size-large\"><img loading=\"lazy\" decoding=\"async\" width=\"1536\" height=\"2048\" data-id=\"22643\" src=\"https:\/\/www.adapei64.fr\/site\/wp-content\/uploads\/2026\/09\/EspiuteMourenx-02.jpg\" alt=\"Les fruits et l\u00e9gumes au march\u00e9 de Mourenx\" class=\"wp-image-22643\" srcset=\"https:\/\/www.adapei64.fr\/site\/wp-content\/uploads\/2026\/09\/EspiuteMourenx-02.jpg 1536w, https:\/\/www.adapei64.fr\/site\/wp-content\/uploads\/2026\/09\/EspiuteMourenx-02-750x1000.jpg 750w, https:\/\/www.adapei64.fr\/site\/wp-content\/uploads\/2026\/09\/EspiuteMourenx-02-768x1024.jpg 768w, https:\/\/www.adapei64.fr\/site\/wp-content\/uploads\/2026\/09\/EspiuteMourenx-02-1152x1536.jpg 1152w\" sizes=\"auto, (max-width: 1536px) 100vw, 1536px\" \/><\/figure>\n\n\n\n<figure class=\"wp-block-image size-large\"><img loading=\"lazy\" decoding=\"async\" width=\"1536\" height=\"2048\" data-id=\"22644\" src=\"https:\/\/www.adapei64.fr\/site\/wp-content\/uploads\/2026\/09\/EspiuteMourenx-03.jpg\" alt=\"Les volailles au march\u00e9 de Mourenx\" class=\"wp-image-22644\" srcset=\"https:\/\/www.adapei64.fr\/site\/wp-content\/uploads\/2026\/09\/EspiuteMourenx-03.jpg 1536w, https:\/\/www.adapei64.fr\/site\/wp-content\/uploads\/2026\/09\/EspiuteMourenx-03-750x1000.jpg 750w, https:\/\/www.adapei64.fr\/site\/wp-content\/uploads\/2026\/09\/EspiuteMourenx-03-768x1024.jpg 768w, https:\/\/www.adapei64.fr\/site\/wp-content\/uploads\/2026\/09\/EspiuteMourenx-03-1152x1536.jpg 1152w\" sizes=\"auto, (max-width: 1536px) 100vw, 1536px\" \/><\/figure>\n<\/figure>\n","protected":false},"excerpt":{"rendered":"<p>\u00c0 partir de mercredi, retrouvez les produits du Ch\u00e2teau d&#8217;Espiute chaque mercredi matin au march\u00e9 de Mourenx ! Nous sommes tr\u00e8s heureux de vous annoncer ce nouveau march\u00e9 o\u00f9 vous&hellip; <a class=\"continue\" href=\"https:\/\/www.adapei64.fr\/site\/retrouvez-les-produits-du-chateau-despiute-au-marche-de-mourenx\/\">Lire :<span> Retrouvez les produits du Ch\u00e2teau d&#8217;Espiute au march\u00e9 de Mourenx<\/span><\/a><\/p>\n","protected":false},"author":1,"featured_media":22642,"comment_status":"closed","ping_status":"closed","sticky":false,"template":"","format":"standard","meta":{"om_disable_all_campaigns":false,"_uag_custom_page_level_css":"","_monsterinsights_skip_tracking":false,"_uf_show_specific_survey":0,"_uf_disable_surveys":false,"_EventAllDay":false,"_EventTimezone":"","_EventStartDate":"","_EventEndDate":"","_EventStartDateUTC":"","_EventEndDateUTC":"","_EventShowMap":false,"_EventShowMapLink":false,"_EventURL":"","_EventCost":"","_EventCostDescription":"","_EventCurrencySymbol":"","_EventCurrencyCode":"","_EventCurrencyPosition":"","_EventDateTimeSeparator":"","_EventTimeRangeSeparator":"","_EventOrganizerID":[],"_EventVenueID":[],"_OrganizerEmail":"","_OrganizerPhone":"","_OrganizerWebsite":"","_VenueAddress":"","_VenueCity":"","_VenueCountry":"","_VenueProvince":"","_VenueState":"","_VenueZip":"","_VenuePhone":"","_VenueURL":"","_VenueStateProvince":"","_VenueLat":"","_VenueLng":"","_VenueShowMap":false,"_VenueShowMapLink":false,"footnotes":""},"categories":[16],"tags":[],"class_list":["post-22641","post","type-post","status-publish","format-standard","has-post-thumbnail","hentry","category-actualites"],"uagb_featured_image_src":{"full":["https:\/\/www.adapei64.fr\/site\/wp-content\/uploads\/2026\/09\/EspiuteMourenx.jpg",1536,2048,false],"thumbnail":["https:\/\/www.adapei64.fr\/site\/wp-content\/uploads\/2026\/09\/EspiuteMourenx-600x600.jpg",600,600,true],"medium":["https:\/\/www.adapei64.fr\/site\/wp-content\/uploads\/2026\/09\/EspiuteMourenx-750x1000.jpg",750,1000,true],"medium_large":["https:\/\/www.adapei64.fr\/site\/wp-content\/uploads\/2026\/09\/EspiuteMourenx-768x1024.jpg",768,1024,true],"large":["https:\/\/www.adapei64.fr\/site\/wp-content\/uploads\/2026\/09\/EspiuteMourenx.jpg",1536,2048,false],"1536x1536":["https:\/\/www.adapei64.fr\/site\/wp-content\/uploads\/2026\/09\/EspiuteMourenx-1152x1536.jpg",1152,1536,true],"2048x2048":["https:\/\/www.adapei64.fr\/site\/wp-content\/uploads\/2026\/09\/EspiuteMourenx.jpg",1536,2048,false]},"uagb_author_info":{"display_name":"Marie Lafargue","author_link":"https:\/\/www.adapei64.fr\/site\/author\/marie\/"},"uagb_comment_info":0,"uagb_excerpt":"\u00c0 partir de mercredi, retrouvez les produits du Ch\u00e2teau d&#8217;Espiute chaque mercredi matin au march\u00e9 de Mourenx ! Nous sommes tr\u00e8s heureux de vous annoncer ce nouveau march\u00e9 o\u00f9 vous&hellip; Lire : Retrouvez les produits du Ch\u00e2teau d&#8217;Espiute au march\u00e9 de Mourenx","distributor_meta":false,"distributor_terms":false,"distributor_media":false,"distributor_original_site_name":"Adapei des Pyr\u00e9n\u00e9es-Atlantiques","distributor_original_site_url":"https:\/\/www.adapei64.fr\/site","push-errors":false,"_links":{"self":[{"href":"https:\/\/www.adapei64.fr\/site\/wp-json\/wp\/v2\/posts\/22641","targetHints":{"allow":["GET"]}}],"collection":[{"href":"https:\/\/www.adapei64.fr\/site\/wp-json\/wp\/v2\/posts"}],"about":[{"href":"https:\/\/www.adapei64.fr\/site\/wp-json\/wp\/v2\/types\/post"}],"author":[{"embeddable":true,"href":"https:\/\/www.adapei64.fr\/site\/wp-json\/wp\/v2\/users\/1"}],"replies":[{"embeddable":true,"href":"https:\/\/www.adapei64.fr\/site\/wp-json\/wp\/v2\/comments?post=22641"}],"version-history":[{"count":1,"href":"https:\/\/www.adapei64.fr\/site\/wp-json\/wp\/v2\/posts\/22641\/revisions"}],"predecessor-version":[{"id":22645,"href":"https:\/\/www.adapei64.fr\/site\/wp-json\/wp\/v2\/posts\/22641\/revisions\/22645"}],"wp:featuredmedia":[{"embeddable":true,"href":"https:\/\/www.adapei64.fr\/site\/wp-json\/wp\/v2\/media\/22642"}],"wp:attachment":[{"href":"https:\/\/www.adapei64.fr\/site\/wp-json\/wp\/v2\/media?parent=22641"}],"wp:term":[{"taxonomy":"category","embeddable":true,"href":"https:\/\/www.adapei64.fr\/site\/wp-json\/wp\/v2\/categories?post=22641"},{"taxonomy":"post_tag","embeddable":true,"href":"https:\/\/www.adapei64.fr\/site\/wp-json\/wp\/v2\/tags?post=22641"}],"curies":[{"name":"wp","href":"https:\/\/api.w.org\/{rel}","templated":true}]}}