{"id":22648,"date":"2026-09-03T11:32:15","date_gmt":"2026-09-03T09:32:15","guid":{"rendered":"https:\/\/www.adapei64.fr\/site\/?p=22648"},"modified":"2026-09-03T11:32:15","modified_gmt":"2026-09-03T09:32:15","slug":"matinale-autodetermination-quels-leviers-pour-les-professionnels-et-les-familles","status":"publish","type":"post","link":"https:\/\/www.adapei64.fr\/site\/matinale-autodetermination-quels-leviers-pour-les-professionnels-et-les-familles\/","title":{"rendered":"Matinale \u00ab\u00a0Autod\u00e9termination : quels leviers pour les professionnels et les familles ?\u00a0\u00bb"},"content":{"rendered":"\n<p class=\"wp-block-paragraph\">\ud83d\udcc5 Mercredi 30 septembre 2026<br>\ud83d\udd58 9h &#8211; 12h30<br>\ud83d\udccd Au Centre de Formation et de Recherche de l&#8217;Adapei des Pyr\u00e9n\u00e9es-Atlantiques &#8211; 1 Avenue Copernic \u00e0 Pau<\/p>\n\n\n\n<p class=\"wp-block-paragraph\">Cette matinale sera anim\u00e9e par <a href=\"https:\/\/www.linkedin.com\/in\/julia-boivin-ojdb\/\"><strong>Julia Boivin<\/strong><\/a> consultante-formatrice, dirigeante d&#8217;OJDB et Vice-pr\u00e9sidente du Conseil de l&#8217;Engagement des Usagers \u00e0 la Haute Autorit\u00e9 de Sant\u00e9.<\/p>\n\n\n\n<p class=\"wp-block-paragraph\">\ud83d\udc65 Ouvert \u00e0 tous : personnes accompagn\u00e9es, familles, professionnels et partenaires.<\/p>\n\n\n\n<p class=\"wp-block-paragraph\">Inscriptions :<br>\ud83d\udcde 05 59 81 36 98<br>\ud83d\udce7 <a href=\"mailto:siege.formation@adapei64.fr\" target=\"_blank\" rel=\"noopener\"><strong>siege.formation@adapei64.fr<\/strong><\/a><\/p>\n","protected":false},"excerpt":{"rendered":"<p>\ud83d\udcc5 Mercredi 30 septembre 2026\ud83d\udd58 9h &#8211; 12h30\ud83d\udccd Au Centre de Formation et de Recherche de l&#8217;Adapei des Pyr\u00e9n\u00e9es-Atlantiques &#8211; 1 Avenue Copernic \u00e0 Pau Cette matinale sera anim\u00e9e par&hellip; <a class=\"continue\" href=\"https:\/\/www.adapei64.fr\/site\/matinale-autodetermination-quels-leviers-pour-les-professionnels-et-les-familles\/\">Lire :<span> Matinale \u00ab\u00a0Autod\u00e9termination : quels leviers pour les professionnels et les familles ?\u00a0\u00bb<\/span><\/a><\/p>\n","protected":false},"author":1,"featured_media":22649,"comment_status":"closed","ping_status":"","sticky":false,"template":"","format":"standard","meta":{"om_disable_all_campaigns":false,"_uag_custom_page_level_css":"","_monsterinsights_skip_tracking":false,"_uf_show_specific_survey":0,"_uf_disable_surveys":false,"_EventAllDay":false,"_EventTimezone":"","_EventStartDate":"","_EventEndDate":"","_EventStartDateUTC":"","_EventEndDateUTC":"","_EventShowMap":false,"_EventShowMapLink":false,"_EventURL":"","_EventCost":"","_EventCostDescription":"","_EventCurrencySymbol":"","_EventCurrencyCode":"","_EventCurrencyPosition":"","_EventDateTimeSeparator":"","_EventTimeRangeSeparator":"","_EventOrganizerID":[],"_EventVenueID":[],"_OrganizerEmail":"","_OrganizerPhone":"","_OrganizerWebsite":"","_VenueAddress":"","_VenueCity":"","_VenueCountry":"","_VenueProvince":"","_VenueState":"","_VenueZip":"","_VenuePhone":"","_VenueURL":"","_VenueStateProvince":"","_VenueLat":"","_VenueLng":"","_VenueShowMap":false,"_VenueShowMapLink":false,"footnotes":""},"categories":[294,16],"tags":[],"class_list":["post-22648","post","type-post","status-publish","format-standard","has-post-thumbnail","hentry","category-matinales","category-actualites"],"uagb_featured_image_src":{"full":["https:\/\/www.adapei64.fr\/site\/wp-content\/uploads\/2026\/09\/MatinaleAutodetermination2026.jpeg",909,1286,false],"thumbnail":["https:\/\/www.adapei64.fr\/site\/wp-content\/uploads\/2026\/09\/MatinaleAutodetermination2026-600x600.jpeg",600,600,true],"medium":["https:\/\/www.adapei64.fr\/site\/wp-content\/uploads\/2026\/09\/MatinaleAutodetermination2026-707x1000.jpeg",707,1000,true],"medium_large":["https:\/\/www.adapei64.fr\/site\/wp-content\/uploads\/2026\/09\/MatinaleAutodetermination2026-768x1087.jpeg",768,1087,true],"large":["https:\/\/www.adapei64.fr\/site\/wp-content\/uploads\/2026\/09\/MatinaleAutodetermination2026.jpeg",909,1286,false],"1536x1536":["https:\/\/www.adapei64.fr\/site\/wp-content\/uploads\/2026\/09\/MatinaleAutodetermination2026.jpeg",909,1286,false],"2048x2048":["https:\/\/www.adapei64.fr\/site\/wp-content\/uploads\/2026\/09\/MatinaleAutodetermination2026.jpeg",909,1286,false]},"uagb_author_info":{"display_name":"Centre de Formation et de Recherche","author_link":"https:\/\/www.adapei64.fr\/site\/cfr"},"uagb_comment_info":0,"uagb_excerpt":"\ud83d\udcc5 Mercredi 30 septembre 2026\ud83d\udd58 9h &#8211; 12h30\ud83d\udccd Au Centre de Formation et de Recherche de l&#8217;Adapei des Pyr\u00e9n\u00e9es-Atlantiques &#8211; 1 Avenue Copernic \u00e0 Pau Cette matinale sera anim\u00e9e par&hellip; Lire : Matinale \u00ab\u00a0Autod\u00e9termination : quels leviers pour les professionnels et les familles ?\u00a0\u00bb","distributor_meta":false,"distributor_terms":false,"distributor_media":false,"distributor_original_site_name":"Adapei des Pyr\u00e9n\u00e9es-Atlantiques","distributor_original_site_url":"https:\/\/www.adapei64.fr\/site","push-errors":false,"_links":{"self":[{"href":"https:\/\/www.adapei64.fr\/site\/wp-json\/wp\/v2\/posts\/22648","targetHints":{"allow":["GET"]}}],"collection":[{"href":"https:\/\/www.adapei64.fr\/site\/wp-json\/wp\/v2\/posts"}],"about":[{"href":"https:\/\/www.adapei64.fr\/site\/wp-json\/wp\/v2\/types\/post"}],"author":[{"embeddable":true,"href":"https:\/\/www.adapei64.fr\/site\/wp-json\/wp\/v2\/users\/1"}],"replies":[{"embeddable":true,"href":"https:\/\/www.adapei64.fr\/site\/wp-json\/wp\/v2\/comments?post=22648"}],"version-history":[{"count":1,"href":"https:\/\/www.adapei64.fr\/site\/wp-json\/wp\/v2\/posts\/22648\/revisions"}],"predecessor-version":[{"id":22650,"href":"https:\/\/www.adapei64.fr\/site\/wp-json\/wp\/v2\/posts\/22648\/revisions\/22650"}],"wp:featuredmedia":[{"embeddable":true,"href":"https:\/\/www.adapei64.fr\/site\/wp-json\/wp\/v2\/media\/22649"}],"wp:attachment":[{"href":"https:\/\/www.adapei64.fr\/site\/wp-json\/wp\/v2\/media?parent=22648"}],"wp:term":[{"taxonomy":"category","embeddable":true,"href":"https:\/\/www.adapei64.fr\/site\/wp-json\/wp\/v2\/categories?post=22648"},{"taxonomy":"post_tag","embeddable":true,"href":"https:\/\/www.adapei64.fr\/site\/wp-json\/wp\/v2\/tags?post=22648"}],"curies":[{"name":"wp","href":"https:\/\/api.w.org\/{rel}","templated":true}]}}