{"id":775,"date":"2020-03-04T15:11:06","date_gmt":"2020-03-04T14:11:06","guid":{"rendered":"http:\/\/adapei64.fr\/wp2\/?p=775"},"modified":"2020-11-04T15:12:13","modified_gmt":"2020-11-04T14:12:13","slug":"dans-les-esat-bellevue-et-de-la-virginie-lactivite-continue-malgre-le-confinement","status":"publish","type":"post","link":"https:\/\/www.adapei64.fr\/site\/dans-les-esat-bellevue-et-de-la-virginie-lactivite-continue-malgre-le-confinement\/","title":{"rendered":"Dans les ESAT Bellevue et de la Virginie, l\u2019activit\u00e9 continue malgr\u00e9 le confinement"},"content":{"rendered":"\n<p class=\"wp-block-paragraph\">Dans les 2 \u00e9tablissements et services d\u2019aide par le travail (ESAT) des environs d\u2019Orthez g\u00e9r\u00e9s par l\u2019Adapei, une poign\u00e9e de salari\u00e9s et les \u00e9quipes d\u2019encadrement se serrent les coudes pour maintenir en service les activit\u00e9s prioritaires, la blanchisserie industrielle, l\u2019\u00e9levage et la conserverie.<\/p>\n\n\n\n<p class=\"wp-block-paragraph\">Confinement oblige, de nombreux \u00e9tablissements et services d\u2019aide par le travail (ESAT) ont cess\u00e9 leur activit\u00e9 un peu partout en France. Une tendante \u00e0 laquelle \u00e9chappent toutefois les 2 structures vou\u00e9es \u00e0 l\u2019insertion professionnelle des personnes handicap\u00e9es dans les environs d\u2019Orthez.<br>A l\u2019ESAT du Ch\u00e2teau Bellevue de Baigts comme \u00e0 l\u2019ESAT Christian Lanusse de la Virginie, l\u2019alerte au coronavirus n\u2019a en effet pas emp\u00each\u00e9 la poursuite de la production sur les 2 sites g\u00e9r\u00e9s par l\u2019Adapei. Au contraire : les missions prioritaires sont belles et bien assur\u00e9es gr\u00e2ce \u00e0 l\u2019investissement d\u2019une poign\u00e9e d\u2019ouvriers et des \u00e9quipes d\u2019encadrement.<\/p>\n\n\n\n<p class=\"wp-block-paragraph\">\u201cLa blanchisserie doit imp\u00e9rativement continuer puisque nous nettoyons le linge de foyers, d\u2019Ehpad, de maisons d\u2019accueil sp\u00e9cialis\u00e9es\u2026 Il n\u2019est pas question de mettre ces \u00e9tablissements plus en difficult\u00e9 ! La priorit\u00e9 \u00e9tant de la faire tourner, on a donc cess\u00e9 les activit\u00e9s non essentielles comme la sous-traitance et les espaces verts pour se consacrer \u00e0 la blanchisserie \u201c, explique le directeur de l\u2019ESAT Christian Lanusse, St\u00e9phane Pinard.<\/p>\n\n\n\n<p class=\"wp-block-paragraph\">Pour nourrir les lessiveuses, les bras sont n\u00e9anmoins rares. Sur les 75 ouvrirers salari\u00e9s sur le site, seule \u201cune douzaine, une quinzaine\u201d reste sur le pont. Si beaucoup de travailleurs ont rejoint leur famille pour traverser l\u2019\u00e9preuve du confinement, 17 continuent par ailleurs \u00e0 vivre dans les chambres du foyer associ\u00e9 au site et restent suivis par les \u00e9ducateurs.<\/p>\n\n\n\n<p class=\"wp-block-paragraph\">\u201cOn est \u00e0 flux tendu, mais \u00e7a fonctionne ! Comme nous avons beaucoup d\u2019ouvriers de l\u2019ESAT qui sont absents pour diverses raisons, ce sont les encadrants des espaces verts et de la sous-traitance qui sont venus en renfort. Comme l\u2019Institut m\u00e9dico-\u00e9ducatif (NDLR, une structure charg\u00e9e du suivi d\u2019enfants en situation de handicap) est ferm\u00e9 \u00e9galement, les \u00e9ducateurs viennent aussi plier du linge. Ils font un roulement pour maintenir le lien avec les enfants et aider \u00e0 la blanchisserie.\u201d, continue le directeur, pas peu fier de ses \u00e9quipes. \u201cLa solidarit\u00e9 joue \u00e0 plein. Cela fait chaud au coeur de voir tout le monde comme \u00e7a, sur le pont\u201d, se r\u00e9jouit St\u00e9phane Pinard qui voit par ailleurs les ouvriers volontaires pour reprendre du service se manifester en nombre croissant. \u201cPour certains, le confinement est dur \u00e0 vivre. Certains demandent \u00e0 revenir travailler !\u201d<\/p>\n\n\n\n<p class=\"wp-block-paragraph\">Un \u00e9tat d\u2019esprit qu\u2019il pourra \u00e9tendre \u00e0 l\u2019ensemble des \u00e9quipes de l\u2019Adapei. \u201cComme les structures pour enfants et certains ESAT ont ferm\u00e9, les \u00e9quipes ont \u00e9t\u00e9 red\u00e9ploy\u00e9es ailleurs. Il y a de la solidarit\u00e9 en sein de l\u2019ESAT, mais aussi au sein de l\u2019association.\u201d<\/p>\n\n\n\n<h3 class=\"wp-block-heading\">Les internes assurent \u00e0 Bellevue<\/h3>\n\n\n\n<p class=\"wp-block-paragraph\">A quelques kilom\u00e8tres, son alter-ego du Ch\u00e2teau Bellevue, St\u00e9phane Pontlevoy tient un discours similaire. Le secteur agroalimentaire figurant au nombre des activit\u00e9s strat\u00e9giques aux yeux de l\u2019Etat, pas question de stopper l\u2019\u00e9levage, le laboratoire d\u2019abattage et la conserverie.<br>\u201cOn fait contre mauvaise fortune bon coeur. Comme on a des ouvriers qui sont domicili\u00e9s ici, on a demand\u00e9 aux externes de demeurer confin\u00e9s chez eux et on continue \u00e0 faire tourner avec les 25 internes\u201d, note le directeur, qui compte d\u2019habitude 90 ouvriers au ch\u00e2teau. Des bras en moins qui ont \u00e9galement conduit l\u2019encadrement \u00e0 palier les vides.<\/p>\n\n\n\n<p class=\"wp-block-paragraph\">\u201cOn est sur une diminution d\u2019activit\u00e9 de l\u2019ordre de 45-50% pour des questions de r\u00e9duction de la main d\u2019oeuvre, mais on arrive \u00e0 assurer la continuit\u00e9 tant d\u2019un point de vue m\u00e9dico-social que de la production. Cela fait 2 semaines que nous tournons de cette mani\u00e8re : chacun comment \u00e0 trouver un rythme de croisi\u00e8re ! On continue \u00e0 exp\u00e9dier dans les grandes surfaces locales, on a encore 2 matin\u00e9es d\u2019abattage pour garantir le flux d\u2019entr\u00e9e-sortie de l\u2019\u00e9levage\u2026\u201d, continue St\u00e9phane Pontlevoy. S\u2019il y a du boulot, le moral est bon. \u201cChaque matin et chaque soir, on fait un petit briefing avec l\u2019ensemble de l\u2019\u00e9quipe pour faire le point et se congratuler de la journ\u00e9e. Tout le monde est solidaire et assez fier de contribuer \u00e0 \u00e7a. Ce n\u2019est pas neutre, dans cette p\u00e9riode.<\/p>\n\n\n\n<p class=\"wp-block-paragraph\"><a href=\"https:\/\/www.larepubliquedespyrenees.fr\/2020\/03\/29\/dans-les-esat-de-la-region-d-orthez-l-activite-continue-malgre-le-confinement,2682025.php\" target=\"_blank\" rel=\"noreferrer noopener\">La r\u00e9publique des Pyr\u00e9n\u00e9es<\/a><\/p>\n","protected":false},"excerpt":{"rendered":"<p>Dans les 2 \u00e9tablissements et services d\u2019aide par le travail (ESAT) des environs d\u2019Orthez g\u00e9r\u00e9s par l\u2019Adapei, une poign\u00e9e de salari\u00e9s et les \u00e9quipes d\u2019encadrement se serrent les coudes pour&hellip; <a class=\"continue\" href=\"https:\/\/www.adapei64.fr\/site\/dans-les-esat-bellevue-et-de-la-virginie-lactivite-continue-malgre-le-confinement\/\">Lire :<span> Dans les ESAT Bellevue et de la Virginie, l\u2019activit\u00e9 continue malgr\u00e9 le confinement<\/span><\/a><\/p>\n","protected":false},"author":1,"featured_media":776,"comment_status":"open","ping_status":"open","sticky":false,"template":"","format":"standard","meta":{"_crdt_document":"","om_disable_all_campaigns":false,"_uag_custom_page_level_css":"","_monsterinsights_skip_tracking":false,"_monsterinsights_sitenote_active":false,"_monsterinsights_sitenote_note":"","_monsterinsights_sitenote_category":0,"_uf_show_specific_survey":0,"_uf_disable_surveys":false,"_EventAllDay":false,"_EventTimezone":"","_EventStartDate":"","_EventEndDate":"","_EventStartDateUTC":"","_EventEndDateUTC":"","_EventShowMap":false,"_EventShowMapLink":false,"_EventURL":"","_EventCost":"","_EventCostDescription":"","_EventCurrencySymbol":"","_EventCurrencyCode":"","_EventCurrencyPosition":"","_EventDateTimeSeparator":"","_EventTimeRangeSeparator":"","_EventOrganizerID":[],"_EventVenueID":[],"_OrganizerEmail":"","_OrganizerPhone":"","_OrganizerWebsite":"","_VenueAddress":"","_VenueCity":"","_VenueCountry":"","_VenueProvince":"","_VenueState":"","_VenueZip":"","_VenuePhone":"","_VenueURL":"","_VenueStateProvince":"","_VenueLat":"","_VenueLng":"","_VenueShowMap":false,"_VenueShowMapLink":false,"footnotes":""},"categories":[16],"tags":[],"class_list":["post-775","post","type-post","status-publish","format-standard","has-post-thumbnail","hentry","category-actualites"],"uagb_featured_image_src":{"full":["https:\/\/www.adapei64.fr\/site\/wp-content\/uploads\/2020\/11\/a-lesat-christian.jpg",1000,625,false],"thumbnail":["https:\/\/www.adapei64.fr\/site\/wp-content\/uploads\/2020\/11\/a-lesat-christian-600x600.jpg",600,600,true],"medium":["https:\/\/www.adapei64.fr\/site\/wp-content\/uploads\/2020\/11\/a-lesat-christian.jpg",1000,625,false],"medium_large":["https:\/\/www.adapei64.fr\/site\/wp-content\/uploads\/2020\/11\/a-lesat-christian-768x480.jpg",768,480,true],"large":["https:\/\/www.adapei64.fr\/site\/wp-content\/uploads\/2020\/11\/a-lesat-christian.jpg",1000,625,false],"1536x1536":["https:\/\/www.adapei64.fr\/site\/wp-content\/uploads\/2020\/11\/a-lesat-christian.jpg",1000,625,false],"2048x2048":["https:\/\/www.adapei64.fr\/site\/wp-content\/uploads\/2020\/11\/a-lesat-christian.jpg",1000,625,false]},"uagb_author_info":{"display_name":"Marie Lafargue","author_link":"https:\/\/www.adapei64.fr\/site\/author\/marie\/"},"uagb_comment_info":0,"uagb_excerpt":"Dans les 2 \u00e9tablissements et services d\u2019aide par le travail (ESAT) des environs d\u2019Orthez g\u00e9r\u00e9s par l\u2019Adapei, une poign\u00e9e de salari\u00e9s et les \u00e9quipes d\u2019encadrement se serrent les coudes pour&hellip; Lire : Dans les ESAT Bellevue et de la Virginie, l\u2019activit\u00e9 continue malgr\u00e9 le confinement","distributor_meta":false,"distributor_terms":false,"distributor_media":false,"distributor_original_site_name":"Adapei des Pyr\u00e9n\u00e9es-Atlantiques","distributor_original_site_url":"https:\/\/www.adapei64.fr\/site","push-errors":false,"_links":{"self":[{"href":"https:\/\/www.adapei64.fr\/site\/wp-json\/wp\/v2\/posts\/775","targetHints":{"allow":["GET"]}}],"collection":[{"href":"https:\/\/www.adapei64.fr\/site\/wp-json\/wp\/v2\/posts"}],"about":[{"href":"https:\/\/www.adapei64.fr\/site\/wp-json\/wp\/v2\/types\/post"}],"author":[{"embeddable":true,"href":"https:\/\/www.adapei64.fr\/site\/wp-json\/wp\/v2\/users\/1"}],"replies":[{"embeddable":true,"href":"https:\/\/www.adapei64.fr\/site\/wp-json\/wp\/v2\/comments?post=775"}],"version-history":[{"count":0,"href":"https:\/\/www.adapei64.fr\/site\/wp-json\/wp\/v2\/posts\/775\/revisions"}],"wp:featuredmedia":[{"embeddable":true,"href":"https:\/\/www.adapei64.fr\/site\/wp-json\/wp\/v2\/media\/776"}],"wp:attachment":[{"href":"https:\/\/www.adapei64.fr\/site\/wp-json\/wp\/v2\/media?parent=775"}],"wp:term":[{"taxonomy":"category","embeddable":true,"href":"https:\/\/www.adapei64.fr\/site\/wp-json\/wp\/v2\/categories?post=775"},{"taxonomy":"post_tag","embeddable":true,"href":"https:\/\/www.adapei64.fr\/site\/wp-json\/wp\/v2\/tags?post=775"}],"curies":[{"name":"wp","href":"https:\/\/api.w.org\/{rel}","templated":true}]}}